{"id":13023,"date":"2025-03-29T20:02:35","date_gmt":"2025-03-29T20:02:35","guid":{"rendered":"https:\/\/www.entrerios.gov.ar\/cultura\/?p=13023"},"modified":"2025-03-31T09:36:04","modified_gmt":"2025-03-31T09:36:04","slug":"el-ciclo-fogon-entrerriano-llego-a-larroque-con-musica-y-baile","status":"publish","type":"post","link":"https:\/\/www.entrerios.gov.ar\/cultura\/el-ciclo-fogon-entrerriano-llego-a-larroque-con-musica-y-baile\/","title":{"rendered":"El ciclo Fog\u00f3n Entrerriano lleg\u00f3 a Larroque con m\u00fasica y baile"},"content":{"rendered":"\n<p>Fue este viernes en el Polideportivo, con entrada libre y gratuita. La comunidad acompa\u00f1\u00f3 el evento impulsado por la Secretar\u00eda de Cultura de Entre R\u00edos junto a la Municipalidad, en una iniciativa que continuar\u00e1 por otras localidades de la provincia.<\/p>\n\n\n\n<p>El secretario de Cultura de Entre R\u00edos, Juli\u00e1n Stoppello, destac\u00f3: \u201cEsta segunda noche de Fog\u00f3n Entrerriano, por el nivel de concurrencia y el gran trabajo en conjunto con la Municipalidad de Larroque, confirma que avanzamos en buen sentido: integrando esfuerzos ampliamos circuitos y ofrecemos mejores oportunidades para nuestros artistas\u201d. Y agreg\u00f3 que el objetivo es \u201cfederalizar la actividad cultural, siguiendo la premisa de la gesti\u00f3n del gobernador Rogelio Frigerio y el ministro de Gobierno y Trabajo, Manuel Troncoso\u201d.<\/p>\n\n\n\n<figure class=\"wp-block-image size-large\"><img loading=\"lazy\" decoding=\"async\" width=\"1024\" height=\"576\" src=\"https:\/\/www.entrerios.gov.ar\/cultura\/wp-content\/uploads\/2025\/03\/WhatsApp-Image-2025-03-29-at-11.51.11-1-1024x576.jpeg\" alt=\"\" class=\"wp-image-13034\" srcset=\"https:\/\/www.entrerios.gov.ar\/cultura\/wp-content\/uploads\/2025\/03\/WhatsApp-Image-2025-03-29-at-11.51.11-1-980x551.jpeg 980w, https:\/\/www.entrerios.gov.ar\/cultura\/wp-content\/uploads\/2025\/03\/WhatsApp-Image-2025-03-29-at-11.51.11-1-480x270.jpeg 480w\" sizes=\"auto, (min-width: 0px) and (max-width: 480px) 480px, (min-width: 481px) and (max-width: 980px) 980px, (min-width: 981px) 1024px, 100vw\" \/><\/figure>\n\n\n\n<p>Stoppello valor\u00f3 tambi\u00e9n que en Larroque \u201cconfluyeron diferentes generaciones, en el escenario y en el p\u00fablico, pero tambi\u00e9n se integraron estilos de folclore distintos y estuvo presente la danza y destacados decidores, para lograr en conjunto un espect\u00e1culo atractivo, con una fuerte identidad entrerriana\u201d.<\/p>\n\n\n\n<p>El intendente de Larroque, Francisco Benedetti, agradeci\u00f3 a la Secretar\u00eda de Cultura de la provincia que la iniciativa se desarrolle en esa localidad y valor\u00f3 \u201cpoder compartir el encuentro con los vecinos y numerosos artistas\u201d.&nbsp;&nbsp;<\/p>\n\n\n\n<figure class=\"wp-block-image size-large\"><img loading=\"lazy\" decoding=\"async\" width=\"1024\" height=\"651\" src=\"https:\/\/www.entrerios.gov.ar\/cultura\/wp-content\/uploads\/2025\/03\/WhatsApp-Image-2025-03-29-at-12.03.47-1-1024x651.jpeg\" alt=\"\" class=\"wp-image-13027\" srcset=\"https:\/\/www.entrerios.gov.ar\/cultura\/wp-content\/uploads\/2025\/03\/WhatsApp-Image-2025-03-29-at-12.03.47-1-1024x651.jpeg 1024w, https:\/\/www.entrerios.gov.ar\/cultura\/wp-content\/uploads\/2025\/03\/WhatsApp-Image-2025-03-29-at-12.03.47-1-980x623.jpeg 980w, https:\/\/www.entrerios.gov.ar\/cultura\/wp-content\/uploads\/2025\/03\/WhatsApp-Image-2025-03-29-at-12.03.47-1-480x305.jpeg 480w\" sizes=\"auto, (min-width: 0px) and (max-width: 480px) 480px, (min-width: 481px) and (max-width: 980px) 980px, (min-width: 981px) 1024px, 100vw\" \/><\/figure>\n\n\n\n<p>En el escenario se presentaron: Norberto y Franco Fiorotto; Carlitos Romero y su Conjunto; el Taller de Danzas Folcl\u00f3ricas Argentinas; Ignacio Sartori y Fernanda Roselli. Adem\u00e1s hubo recitados a cargo de Virgilio Fiorotto.<\/p>\n\n\n\n<figure class=\"wp-block-image size-large\"><img loading=\"lazy\" decoding=\"async\" width=\"1024\" height=\"661\" src=\"https:\/\/www.entrerios.gov.ar\/cultura\/wp-content\/uploads\/2025\/03\/WhatsApp-Image-2025-03-29-at-11.55.04-1-1024x661.jpeg\" alt=\"\" class=\"wp-image-13035\" srcset=\"https:\/\/www.entrerios.gov.ar\/cultura\/wp-content\/uploads\/2025\/03\/WhatsApp-Image-2025-03-29-at-11.55.04-1-980x633.jpeg 980w, https:\/\/www.entrerios.gov.ar\/cultura\/wp-content\/uploads\/2025\/03\/WhatsApp-Image-2025-03-29-at-11.55.04-1-480x310.jpeg 480w\" sizes=\"auto, (min-width: 0px) and (max-width: 480px) 480px, (min-width: 481px) and (max-width: 980px) 980px, (min-width: 981px) 1024px, 100vw\" \/><\/figure>\n\n\n\n<p><strong>Sobre el ciclo<\/strong><\/p>\n\n\n\n<p>Fog\u00f3n Entrerriano forma parte del programa anual CUAC! (Cultura Activa), que desarrolla la Secretar\u00eda de Cultura de Entre R\u00edos en toda la provincia. El objetivo es impulsar circuitos art\u00edsticos con una mirada federal, ampliar los p\u00fablicos y ofrecer a los artistas entrerrianos un mayor espacio de intercambio, profesionalizaci\u00f3n y visibilidad.<\/p>\n\n\n\n<p><\/p>\n","protected":false},"excerpt":{"rendered":"<p>Fue este viernes en el Polideportivo, con entrada libre y gratuita. La comunidad acompa\u00f1\u00f3 el evento impulsado por la Secretar\u00eda de Cultura de Entre R\u00edos junto a la Municipalidad, en una iniciativa que continuar\u00e1 por otras localidades de la provincia. El secretario de Cultura de Entre R\u00edos, Juli\u00e1n Stoppello, destac\u00f3: \u201cEsta segunda noche de Fog\u00f3n [&hellip;]<\/p>\n","protected":false},"author":51,"featured_media":13024,"comment_status":"open","ping_status":"open","sticky":false,"template":"","format":"standard","meta":{"_et_pb_use_builder":"off","_et_pb_old_content":"","_et_gb_content_width":"","footnotes":""},"categories":[1,28],"tags":[],"class_list":["post-13023","post","type-post","status-publish","format-standard","has-post-thumbnail","hentry","category-destacado","category-noticias"],"_links":{"self":[{"href":"https:\/\/www.entrerios.gov.ar\/cultura\/wp-json\/wp\/v2\/posts\/13023","targetHints":{"allow":["GET"]}}],"collection":[{"href":"https:\/\/www.entrerios.gov.ar\/cultura\/wp-json\/wp\/v2\/posts"}],"about":[{"href":"https:\/\/www.entrerios.gov.ar\/cultura\/wp-json\/wp\/v2\/types\/post"}],"author":[{"embeddable":true,"href":"https:\/\/www.entrerios.gov.ar\/cultura\/wp-json\/wp\/v2\/users\/51"}],"replies":[{"embeddable":true,"href":"https:\/\/www.entrerios.gov.ar\/cultura\/wp-json\/wp\/v2\/comments?post=13023"}],"version-history":[{"count":4,"href":"https:\/\/www.entrerios.gov.ar\/cultura\/wp-json\/wp\/v2\/posts\/13023\/revisions"}],"predecessor-version":[{"id":13036,"href":"https:\/\/www.entrerios.gov.ar\/cultura\/wp-json\/wp\/v2\/posts\/13023\/revisions\/13036"}],"wp:featuredmedia":[{"embeddable":true,"href":"https:\/\/www.entrerios.gov.ar\/cultura\/wp-json\/wp\/v2\/media\/13024"}],"wp:attachment":[{"href":"https:\/\/www.entrerios.gov.ar\/cultura\/wp-json\/wp\/v2\/media?parent=13023"}],"wp:term":[{"taxonomy":"category","embeddable":true,"href":"https:\/\/www.entrerios.gov.ar\/cultura\/wp-json\/wp\/v2\/categories?post=13023"},{"taxonomy":"post_tag","embeddable":true,"href":"https:\/\/www.entrerios.gov.ar\/cultura\/wp-json\/wp\/v2\/tags?post=13023"}],"curies":[{"name":"wp","href":"https:\/\/api.w.org\/{rel}","templated":true}]}}