{"id":13044,"date":"2025-03-31T12:59:48","date_gmt":"2025-03-31T12:59:48","guid":{"rendered":"https:\/\/www.entrerios.gov.ar\/cultura\/?p=13044"},"modified":"2025-03-31T12:59:49","modified_gmt":"2025-03-31T12:59:49","slug":"el-ciclo-la-noche-de-las-ciudades-celebro-un-nuevo-encuentro","status":"publish","type":"post","link":"https:\/\/www.entrerios.gov.ar\/cultura\/el-ciclo-la-noche-de-las-ciudades-celebro-un-nuevo-encuentro\/","title":{"rendered":"El ciclo La Noche de las Ciudades celebr\u00f3 un nuevo encuentro"},"content":{"rendered":"\n<p>San Jaime de la Frontera y Ubajay compartieron sus atractivos este s\u00e1bado en la Casa de la Cultura de Paran\u00e1. Vecinos que nacieron en esas localidades y viven en la capital entrerriana disfrutaron de una jornada que tuvo m\u00fasica, danza, industria y turismo.<\/p>\n\n\n\n<p>Organizados en una la grilla art\u00edstica conjunta, se present\u00f3 el Ballet Municipal; el grupo musical \u201cLa Cruz Chamamecera\u201d, las ganadoras del concurso de asadoras y stands de artesanos, escritores independientes y gastronom\u00eda por parte de la localidad de San Jaime de la Frontera.&nbsp;<\/p>\n\n\n\n<p>Desde Ubajay estuvieron emprendedores de productos gastron\u00f3micos elaborados con el fruto de la palmera Buti\u00e1 Yatay; y los vinos de las bodegas de la regi\u00f3n. Tambi\u00e9n se instalaron puestos de difusi\u00f3n de la industria maderera, el Parque Nacional El Palmar y la Reserva Ecol\u00f3gica Aurora del Palmar.&nbsp;<\/p>\n\n\n\n<p>El secretario de Cultura, Juli\u00e1n Stoppello, valor\u00f3 el trabajo conjunto con los municipios: \u201cLa Casa de la Cultura le pertenece a todos los entrerrianos y en este sentido, nosotros venimos poniendo en pr\u00e1ctica la federalizaci\u00f3n de la actividad cultural, siguiendo el rumbo claro que marca la gesti\u00f3n del gobernador Rogelio Frigerio y el ministro de Gobierno y Trabajo, Manuel Troncoso\u201d, destac\u00f3 y agreg\u00f3: \u201cAdem\u00e1s de recorrer la provincia y fomentar el intercambio cultural, queremos que cada localidad pueda disfrutar de los centros culturales de Paran\u00e1. La Noche de las Ciudades apunta en esa direcci\u00f3n\u201d.&nbsp;<\/p>\n\n\n\n<figure class=\"wp-block-image\"><img loading=\"lazy\" decoding=\"async\" width=\"1600\" height=\"1067\" src=\"https:\/\/www.entrerios.gov.ar\/cultura\/wp-content\/uploads\/2025\/03\/AD_4nXcWTYMK9foZomAx8FWaVDBewM4lkNMbGRX8EZ2iCEMe_K3qwk7uUNXf3og3nuOZV-DDw9PsPdJXC_heatlMdJcH9T2grmcX-agSlSMnF_z6LPMR8VS3_quR6HH9mnG1f1an29WALQ.jpg\" alt=\"\" class=\"wp-image-13045\" srcset=\"https:\/\/www.entrerios.gov.ar\/cultura\/wp-content\/uploads\/2025\/03\/AD_4nXcWTYMK9foZomAx8FWaVDBewM4lkNMbGRX8EZ2iCEMe_K3qwk7uUNXf3og3nuOZV-DDw9PsPdJXC_heatlMdJcH9T2grmcX-agSlSMnF_z6LPMR8VS3_quR6HH9mnG1f1an29WALQ.jpg 1600w, https:\/\/www.entrerios.gov.ar\/cultura\/wp-content\/uploads\/2025\/03\/AD_4nXcWTYMK9foZomAx8FWaVDBewM4lkNMbGRX8EZ2iCEMe_K3qwk7uUNXf3og3nuOZV-DDw9PsPdJXC_heatlMdJcH9T2grmcX-agSlSMnF_z6LPMR8VS3_quR6HH9mnG1f1an29WALQ-1280x854.jpg 1280w, https:\/\/www.entrerios.gov.ar\/cultura\/wp-content\/uploads\/2025\/03\/AD_4nXcWTYMK9foZomAx8FWaVDBewM4lkNMbGRX8EZ2iCEMe_K3qwk7uUNXf3og3nuOZV-DDw9PsPdJXC_heatlMdJcH9T2grmcX-agSlSMnF_z6LPMR8VS3_quR6HH9mnG1f1an29WALQ-980x654.jpg 980w, https:\/\/www.entrerios.gov.ar\/cultura\/wp-content\/uploads\/2025\/03\/AD_4nXcWTYMK9foZomAx8FWaVDBewM4lkNMbGRX8EZ2iCEMe_K3qwk7uUNXf3og3nuOZV-DDw9PsPdJXC_heatlMdJcH9T2grmcX-agSlSMnF_z6LPMR8VS3_quR6HH9mnG1f1an29WALQ-480x320.jpg 480w\" sizes=\"auto, (min-width: 0px) and (max-width: 480px) 480px, (min-width: 481px) and (max-width: 980px) 980px, (min-width: 981px) and (max-width: 1280px) 1280px, (min-width: 1281px) 1600px, 100vw\" \/><\/figure>\n\n\n\n<p>Referentes de las \u00e1reas de cultura de las ciudades protagonistas tambi\u00e9n valoraron la actividad de manera positiva. \u201cEstamos felices de estar en Paran\u00e1 y traer todo lo que nos representa, como textiles, comidas y nuestro ballet&#8221;, dijo Miriam D\u00edaz, intendenta de San Jaime de la Frontera. Lisandro Gim\u00e9nez, secretario de Cultura de Ubajay, expres\u00f3 su agradecimiento con la organizaci\u00f3n y dijo que la iniciativa \u201cpermite hacer conocer la localidad en toda la provincia\u201d. Entre otras cuestiones agradeci\u00f3 poder promocionar la primera Fiesta de la Madera que se llevar\u00e1 a cabo en noviembre de este a\u00f1o.<\/p>\n\n\n\n<p>El ciclo La noche de las Ciudades, es parte del programa anual CUAC! (Cultura Activa), que desarrolla la Secretar\u00eda de Cultura de Entre R\u00edos en toda la provincia.<\/p>\n","protected":false},"excerpt":{"rendered":"<p>San Jaime de la Frontera y Ubajay compartieron sus atractivos este s\u00e1bado en la Casa de la Cultura de Paran\u00e1. Vecinos que nacieron en esas localidades y viven en la capital entrerriana disfrutaron de una jornada que tuvo m\u00fasica, danza, industria y turismo. Organizados en una la grilla art\u00edstica conjunta, se present\u00f3 el Ballet Municipal; [&hellip;]<\/p>\n","protected":false},"author":5,"featured_media":13043,"comment_status":"open","ping_status":"open","sticky":false,"template":"","format":"standard","meta":{"_et_pb_use_builder":"off","_et_pb_old_content":"","_et_gb_content_width":"","footnotes":""},"categories":[1,28],"tags":[],"class_list":["post-13044","post","type-post","status-publish","format-standard","has-post-thumbnail","hentry","category-destacado","category-noticias"],"_links":{"self":[{"href":"https:\/\/www.entrerios.gov.ar\/cultura\/wp-json\/wp\/v2\/posts\/13044","targetHints":{"allow":["GET"]}}],"collection":[{"href":"https:\/\/www.entrerios.gov.ar\/cultura\/wp-json\/wp\/v2\/posts"}],"about":[{"href":"https:\/\/www.entrerios.gov.ar\/cultura\/wp-json\/wp\/v2\/types\/post"}],"author":[{"embeddable":true,"href":"https:\/\/www.entrerios.gov.ar\/cultura\/wp-json\/wp\/v2\/users\/5"}],"replies":[{"embeddable":true,"href":"https:\/\/www.entrerios.gov.ar\/cultura\/wp-json\/wp\/v2\/comments?post=13044"}],"version-history":[{"count":1,"href":"https:\/\/www.entrerios.gov.ar\/cultura\/wp-json\/wp\/v2\/posts\/13044\/revisions"}],"predecessor-version":[{"id":13046,"href":"https:\/\/www.entrerios.gov.ar\/cultura\/wp-json\/wp\/v2\/posts\/13044\/revisions\/13046"}],"wp:featuredmedia":[{"embeddable":true,"href":"https:\/\/www.entrerios.gov.ar\/cultura\/wp-json\/wp\/v2\/media\/13043"}],"wp:attachment":[{"href":"https:\/\/www.entrerios.gov.ar\/cultura\/wp-json\/wp\/v2\/media?parent=13044"}],"wp:term":[{"taxonomy":"category","embeddable":true,"href":"https:\/\/www.entrerios.gov.ar\/cultura\/wp-json\/wp\/v2\/categories?post=13044"},{"taxonomy":"post_tag","embeddable":true,"href":"https:\/\/www.entrerios.gov.ar\/cultura\/wp-json\/wp\/v2\/tags?post=13044"}],"curies":[{"name":"wp","href":"https:\/\/api.w.org\/{rel}","templated":true}]}}