{"id":13048,"date":"2025-04-01T06:56:00","date_gmt":"2025-04-01T06:56:00","guid":{"rendered":"https:\/\/www.entrerios.gov.ar\/cultura\/?p=13048"},"modified":"2025-03-31T13:57:32","modified_gmt":"2025-03-31T13:57:32","slug":"este-domingo-habra-narracion-oral-y-teatro-en-la-vieja-usina","status":"publish","type":"post","link":"https:\/\/www.entrerios.gov.ar\/cultura\/este-domingo-habra-narracion-oral-y-teatro-en-la-vieja-usina\/","title":{"rendered":"Este domingo habr\u00e1 narraci\u00f3n oral y teatro en La Vieja Usina"},"content":{"rendered":"\n<p>Ser\u00e1 este domingo 6 de abril en el Centro Cultural y de Convenciones La Vieja Usina (Gregoria Matorras 861, Paran\u00e1). Con entrada libre y gratuita y en el marco de la propuesta Programa Doble, a las 19 habr\u00e1 Cuentos en el Patio y a las 20, Un domingo de Teatro. Organiza la Secretar\u00eda de Cultura de Entre R\u00edos.&nbsp;&nbsp;<\/p>\n\n\n\n<p>A las 19 comenzar\u00e1 el espect\u00e1culo de narraci\u00f3n oral que integran Alejandra Florenza; Avelina Raimundo; Eli Rossa; Elida Sola; Rita Dellacqua; Ana Maria Loggio; Lau Alberto ; Mario Cati; Graciela Peretti; Juan Casis y Vero Nardin. La propuesta, dirigida para j\u00f3venes y adultos, se denomina&nbsp;<em>Popurr\u00ed de cuentos breves.&nbsp;<\/em><\/p>\n\n\n\n<p>La funci\u00f3n teatral comenzar\u00e1 a las 20 con la obra&nbsp;<em>Estaci\u00f3n Curup\u00ed.&nbsp;<\/em>Seg\u00fan la sinopsis, el espect\u00e1culo permite reflexionar y revalorizar las consecuencias que debieron afrontar numerosas localidades de Entre R\u00edos y el pa\u00eds ante el cierre del ferrocarril. En este caso, un grupo de mujeres deciden dar un cambio rotundo a la realidad en la cual est\u00e1 sumergido su pueblo.&nbsp;<\/p>\n\n\n\n<p>El elenco est\u00e1 compuesto por las actrices Anabel Hilgenberg, Clarisa Benetti, Gabriela Sosa, Ver\u00f3nica Spahn y Regina Cavenaghi. La producci\u00f3n es de Mariela Bogadoy Jimena Gonz\u00e1lez. Catalina Bogado, Gabriela Vieiro participan como asistentes t\u00e9cnicas, mientras que la direcci\u00f3n e iluminaci\u00f3n es de Carlos Vicentin.<\/p>\n\n\n\n<p>Los ciclos<em>&nbsp;Cuentos en el patio<\/em>, y&nbsp;<em>Un domingo de Teatro<\/em>&nbsp;agrupados en&nbsp;<em>Programa Doble<\/em>&nbsp;son el sello de las propuestas de La Vieja Usina para los domingos. La programaci\u00f3n tambi\u00e9n se enmarca en la plataforma anual<em>&nbsp;CUAC! (Cultura Activa)<\/em>&nbsp;que la Secretar\u00eda de Cultura de Entre R\u00edos, dependiente del Ministerio de Gobierno y Trabajo, desarrolla en toda la provincia.<\/p>\n","protected":false},"excerpt":{"rendered":"<p>Ser\u00e1 este domingo 6 de abril en el Centro Cultural y de Convenciones La Vieja Usina (Gregoria Matorras 861, Paran\u00e1). Con entrada libre y gratuita y en el marco de la propuesta Programa Doble, a las 19 habr\u00e1 Cuentos en el Patio y a las 20, Un domingo de Teatro. Organiza la Secretar\u00eda de Cultura [&hellip;]<\/p>\n","protected":false},"author":5,"featured_media":13013,"comment_status":"open","ping_status":"open","sticky":false,"template":"","format":"standard","meta":{"_et_pb_use_builder":"off","_et_pb_old_content":"","_et_gb_content_width":"","footnotes":""},"categories":[1,28,18],"tags":[],"class_list":["post-13048","post","type-post","status-publish","format-standard","has-post-thumbnail","hentry","category-destacado","category-noticias","category-centro-cultural-la-vieja-usina"],"_links":{"self":[{"href":"https:\/\/www.entrerios.gov.ar\/cultura\/wp-json\/wp\/v2\/posts\/13048","targetHints":{"allow":["GET"]}}],"collection":[{"href":"https:\/\/www.entrerios.gov.ar\/cultura\/wp-json\/wp\/v2\/posts"}],"about":[{"href":"https:\/\/www.entrerios.gov.ar\/cultura\/wp-json\/wp\/v2\/types\/post"}],"author":[{"embeddable":true,"href":"https:\/\/www.entrerios.gov.ar\/cultura\/wp-json\/wp\/v2\/users\/5"}],"replies":[{"embeddable":true,"href":"https:\/\/www.entrerios.gov.ar\/cultura\/wp-json\/wp\/v2\/comments?post=13048"}],"version-history":[{"count":1,"href":"https:\/\/www.entrerios.gov.ar\/cultura\/wp-json\/wp\/v2\/posts\/13048\/revisions"}],"predecessor-version":[{"id":13049,"href":"https:\/\/www.entrerios.gov.ar\/cultura\/wp-json\/wp\/v2\/posts\/13048\/revisions\/13049"}],"wp:featuredmedia":[{"embeddable":true,"href":"https:\/\/www.entrerios.gov.ar\/cultura\/wp-json\/wp\/v2\/media\/13013"}],"wp:attachment":[{"href":"https:\/\/www.entrerios.gov.ar\/cultura\/wp-json\/wp\/v2\/media?parent=13048"}],"wp:term":[{"taxonomy":"category","embeddable":true,"href":"https:\/\/www.entrerios.gov.ar\/cultura\/wp-json\/wp\/v2\/categories?post=13048"},{"taxonomy":"post_tag","embeddable":true,"href":"https:\/\/www.entrerios.gov.ar\/cultura\/wp-json\/wp\/v2\/tags?post=13048"}],"curies":[{"name":"wp","href":"https:\/\/api.w.org\/{rel}","templated":true}]}}