{"id":13050,"date":"2025-03-31T14:00:00","date_gmt":"2025-03-31T14:00:00","guid":{"rendered":"https:\/\/www.entrerios.gov.ar\/cultura\/?p=13050"},"modified":"2025-03-31T14:47:33","modified_gmt":"2025-03-31T14:47:33","slug":"el-ciclo-un-domingo-de-teatro-tuvo-una-nueva-funcion-en-viale","status":"publish","type":"post","link":"https:\/\/www.entrerios.gov.ar\/cultura\/el-ciclo-un-domingo-de-teatro-tuvo-una-nueva-funcion-en-viale\/","title":{"rendered":"El ciclo Un Domingo de Teatro tuvo una nueva funci\u00f3n en Viale\u00a0"},"content":{"rendered":"\n<p>Este domingo 30 de marzo se present\u00f3 a sala llena la obra&nbsp;<em>La noche ha ca\u00eddo,&nbsp;<\/em>de Paran\u00e1. La propuesta es impulsada por la Secretar\u00eda de Cultura de Entre R\u00edos en distintas localidades de la provincia.&nbsp;&nbsp;<\/p>\n\n\n\n<p>Amelia Uz\u00edn, miembro de la cooperativa Abarajala Cultural, que gestiona la sala donde se realiz\u00f3 la funci\u00f3n, valor\u00f3 positivamente la actividad: \u201cFue una gran alegr\u00eda poder traer esta obra. Notamos que el p\u00fablico estuvo muy atento a la funci\u00f3n y sali\u00f3 muy satisfecho\u201d, sostuvo.&nbsp;&nbsp;&nbsp;&nbsp;<\/p>\n\n\n\n<p><em>La noche ha ca\u00eddo<\/em>&nbsp;est\u00e1 inspirada en textos de la autora francesa Pauline Sales y de la dramaturga argentino-mexicana Coral Aguirre. El elenco est\u00e1 compuesto por Raquel Freijo, Sabina Piccini, Graciela Strappa, y la direcci\u00f3n es de Gabriel Cosoy. El equipo se completa con las participaciones de Oscar Lescano en dise\u00f1o de luces y operaci\u00f3n; Daniela Rudel en vestuario; Ivo Betti en fotograf\u00eda; y Juli\u00e1n Villarraza en dise\u00f1o gr\u00e1fico. La realizaci\u00f3n audiovisual estuvo a cargo de Gustavo Hennekens y Victoria Puigcernau; y la utiler\u00eda de Lau Claus. La asistencia de direcci\u00f3n es de \u00c1ngela Mart\u00ednez.<\/p>\n\n\n\n<p>Un Domingo de Teatro ofrece diversas producciones con una impronta federal y es parte del programa anual CUAC! (Cultura Activa), que la Secretar\u00eda de Cultura de Entre R\u00edos desarrolla en toda la provincia.<\/p>\n","protected":false},"excerpt":{"rendered":"<p>Este domingo 30 de marzo se present\u00f3 a sala llena la obra&nbsp;La noche ha ca\u00eddo,&nbsp;de Paran\u00e1. La propuesta es impulsada por la Secretar\u00eda de Cultura de Entre R\u00edos en distintas localidades de la provincia.&nbsp;&nbsp; Amelia Uz\u00edn, miembro de la cooperativa Abarajala Cultural, que gestiona la sala donde se realiz\u00f3 la funci\u00f3n, valor\u00f3 positivamente la actividad: [&hellip;]<\/p>\n","protected":false},"author":5,"featured_media":13047,"comment_status":"open","ping_status":"open","sticky":false,"template":"","format":"standard","meta":{"_et_pb_use_builder":"off","_et_pb_old_content":"","_et_gb_content_width":"","footnotes":""},"categories":[1,28],"tags":[],"class_list":["post-13050","post","type-post","status-publish","format-standard","has-post-thumbnail","hentry","category-destacado","category-noticias"],"_links":{"self":[{"href":"https:\/\/www.entrerios.gov.ar\/cultura\/wp-json\/wp\/v2\/posts\/13050","targetHints":{"allow":["GET"]}}],"collection":[{"href":"https:\/\/www.entrerios.gov.ar\/cultura\/wp-json\/wp\/v2\/posts"}],"about":[{"href":"https:\/\/www.entrerios.gov.ar\/cultura\/wp-json\/wp\/v2\/types\/post"}],"author":[{"embeddable":true,"href":"https:\/\/www.entrerios.gov.ar\/cultura\/wp-json\/wp\/v2\/users\/5"}],"replies":[{"embeddable":true,"href":"https:\/\/www.entrerios.gov.ar\/cultura\/wp-json\/wp\/v2\/comments?post=13050"}],"version-history":[{"count":1,"href":"https:\/\/www.entrerios.gov.ar\/cultura\/wp-json\/wp\/v2\/posts\/13050\/revisions"}],"predecessor-version":[{"id":13051,"href":"https:\/\/www.entrerios.gov.ar\/cultura\/wp-json\/wp\/v2\/posts\/13050\/revisions\/13051"}],"wp:featuredmedia":[{"embeddable":true,"href":"https:\/\/www.entrerios.gov.ar\/cultura\/wp-json\/wp\/v2\/media\/13047"}],"wp:attachment":[{"href":"https:\/\/www.entrerios.gov.ar\/cultura\/wp-json\/wp\/v2\/media?parent=13050"}],"wp:term":[{"taxonomy":"category","embeddable":true,"href":"https:\/\/www.entrerios.gov.ar\/cultura\/wp-json\/wp\/v2\/categories?post=13050"},{"taxonomy":"post_tag","embeddable":true,"href":"https:\/\/www.entrerios.gov.ar\/cultura\/wp-json\/wp\/v2\/tags?post=13050"}],"curies":[{"name":"wp","href":"https:\/\/api.w.org\/{rel}","templated":true}]}}