{"id":13055,"date":"2025-04-05T07:43:00","date_gmt":"2025-04-05T07:43:00","guid":{"rendered":"https:\/\/www.entrerios.gov.ar\/cultura\/?p=13055"},"modified":"2025-04-01T15:52:29","modified_gmt":"2025-04-01T15:52:29","slug":"la-biblioteca-provincial-invita-a-un-nuevo-encuentro-del-ciclo-entre-rios-cantada","status":"publish","type":"post","link":"https:\/\/www.entrerios.gov.ar\/cultura\/la-biblioteca-provincial-invita-a-un-nuevo-encuentro-del-ciclo-entre-rios-cantada\/","title":{"rendered":"La Biblioteca Provincial invita a un nuevo encuentro del Ciclo Entre R\u00edos Cantada"},"content":{"rendered":"\n<p>La actividad ser\u00e1 el mi\u00e9rcoles 16 de abril a las 17.30 en la Biblioteca Provincial, ubicada en Alameda de la Federaci\u00f3n 278 de Paran\u00e1. Ser\u00e1 con entrada libre y gratuita y se requiere inscripci\u00f3n previa.&nbsp;<\/p>\n\n\n\n<p>El autor a abordar en el segundo encuentro es Diego Fern\u00e1ndez Espiro (1862-1912). La inscripci\u00f3n se puede realizar ingresando al siguiente enlace: <a href=\"https:\/\/forms.gle\/1iUaN15MoMFg2ee98\">https:\/\/forms.gle\/1iUaN15MoMFg2ee98<\/a><\/p>\n\n\n\n<p>El ciclo de lecturas fue declarado de Inter\u00e9s Educativo por el Consejo General de Educaci\u00f3n (CGE) mediante la Resoluci\u00f3n N 0532\/2025. Normativa gracias a la cual se otorgar\u00e1 certificaci\u00f3n con puntaje docente.&nbsp;<\/p>\n\n\n\n<p><strong>Sobre la experiencia inicial<\/strong><\/p>\n\n\n\n<p>El ciclo comenz\u00f3 el viernes 14 de marzo con la premisa de poner en valor el patrimonio literario de la instituci\u00f3n. La jornada convoc\u00f3 a la comunidad a leer y conocer m\u00e1s sobre la poes\u00eda escrita en la provincia. Los asistentes recibieron, por parte del coordinador de la Biblioteca, Mat\u00edas Arm\u00e1ndola, una serie de pliegos de poes\u00eda para facilitar la lectura conjunta. Dichos documentos conforman una selecci\u00f3n po\u00e9tica, en este caso del primer autor abordado en el ciclo, el oriundo de Gualeguaych\u00fa, Gervasio M\u00e9ndez (1843-1897).<\/p>\n","protected":false},"excerpt":{"rendered":"<p>La actividad ser\u00e1 el mi\u00e9rcoles 16 de abril a las 17.30 en la Biblioteca Provincial, ubicada en Alameda de la Federaci\u00f3n 278 de Paran\u00e1. Ser\u00e1 con entrada libre y gratuita y se requiere inscripci\u00f3n previa.&nbsp; El autor a abordar en el segundo encuentro es Diego Fern\u00e1ndez Espiro (1862-1912). La inscripci\u00f3n se puede realizar ingresando al [&hellip;]<\/p>\n","protected":false},"author":5,"featured_media":12757,"comment_status":"open","ping_status":"open","sticky":false,"template":"","format":"standard","meta":{"_et_pb_use_builder":"off","_et_pb_old_content":"","_et_gb_content_width":"","footnotes":""},"categories":[1,28,5],"tags":[],"class_list":["post-13055","post","type-post","status-publish","format-standard","has-post-thumbnail","hentry","category-destacado","category-noticias","category-biblioteca-provincial"],"_links":{"self":[{"href":"https:\/\/www.entrerios.gov.ar\/cultura\/wp-json\/wp\/v2\/posts\/13055","targetHints":{"allow":["GET"]}}],"collection":[{"href":"https:\/\/www.entrerios.gov.ar\/cultura\/wp-json\/wp\/v2\/posts"}],"about":[{"href":"https:\/\/www.entrerios.gov.ar\/cultura\/wp-json\/wp\/v2\/types\/post"}],"author":[{"embeddable":true,"href":"https:\/\/www.entrerios.gov.ar\/cultura\/wp-json\/wp\/v2\/users\/5"}],"replies":[{"embeddable":true,"href":"https:\/\/www.entrerios.gov.ar\/cultura\/wp-json\/wp\/v2\/comments?post=13055"}],"version-history":[{"count":1,"href":"https:\/\/www.entrerios.gov.ar\/cultura\/wp-json\/wp\/v2\/posts\/13055\/revisions"}],"predecessor-version":[{"id":13056,"href":"https:\/\/www.entrerios.gov.ar\/cultura\/wp-json\/wp\/v2\/posts\/13055\/revisions\/13056"}],"wp:featuredmedia":[{"embeddable":true,"href":"https:\/\/www.entrerios.gov.ar\/cultura\/wp-json\/wp\/v2\/media\/12757"}],"wp:attachment":[{"href":"https:\/\/www.entrerios.gov.ar\/cultura\/wp-json\/wp\/v2\/media?parent=13055"}],"wp:term":[{"taxonomy":"category","embeddable":true,"href":"https:\/\/www.entrerios.gov.ar\/cultura\/wp-json\/wp\/v2\/categories?post=13055"},{"taxonomy":"post_tag","embeddable":true,"href":"https:\/\/www.entrerios.gov.ar\/cultura\/wp-json\/wp\/v2\/tags?post=13055"}],"curies":[{"name":"wp","href":"https:\/\/api.w.org\/{rel}","templated":true}]}}