{"id":13058,"date":"2025-04-06T08:28:00","date_gmt":"2025-04-06T08:28:00","guid":{"rendered":"https:\/\/www.entrerios.gov.ar\/cultura\/?p=13058"},"modified":"2025-04-03T14:29:05","modified_gmt":"2025-04-03T14:29:05","slug":"continua-la-convocatoria-para-el-laboratorio-de-desarrollo-de-proyectos-en-el-iaaer","status":"publish","type":"post","link":"https:\/\/www.entrerios.gov.ar\/cultura\/continua-la-convocatoria-para-el-laboratorio-de-desarrollo-de-proyectos-en-el-iaaer\/","title":{"rendered":"Contin\u00faa la convocatoria para el Laboratorio de Desarrollo de Proyectos en el IAAER"},"content":{"rendered":"\n<p>Los encuentros comienzan el martes 15 de abril, a las 19. Nicol\u00e1s Herzog (tutor) y Mauro Cape (coordinador) ser\u00e1n los encargados de esta nueva propuesta del organismo dependiente de la Secretar\u00eda de Cultura de la provincia. El Laboratorio tiene modalidad virtual, es libre y gratuito y con inscripci\u00f3n previa.<\/p>\n\n\n\n<p>La iniciativa del Instituto Aut\u00e1rquico Audiovisual de Entre R\u00edos (IAAER)&nbsp; est\u00e1 destinada a entrerrianas y entrerrianos que cuenten con un proyecto de largometraje o cortometraje de ficci\u00f3n, documental, experimental o h\u00edbrido. Cabe destacar que ser\u00e1n admitidos proyectos en distintas instancias de desarrollo: tratamiento, primera versi\u00f3n de gui\u00f3n, primer corte de montaje.&nbsp;<\/p>\n\n\n\n<p>Ser\u00e1n cuatro encuentros de frecuencia semanal con inscripci\u00f3n previa. A los interesados se les solicitar\u00e1 el env\u00edo del material con el que se cuenta. De los interesados, se seleccionar\u00e1n ocho proyectos. Las inscripciones se realizan escribiendo y enviando material a&nbsp;<a href=\"mailto:formacionesiaaer@gmail.com\" target=\"_blank\" rel=\"noreferrer noopener\">formacionesiaaer@gmail.com<\/a><\/p>\n\n\n\n<p>Nicol\u00e1s Herzog explic\u00f3 que la idea de hacerlo online es para que pueda haber participantes de toda la provincia, y no limitarlo a una ciudad. Y que el esp\u00edritu de esta din\u00e1mica es incentivarlos a pensar en equipo las fortalezas de cada proyecto con el objetivo de avanzar, en el desaf\u00edo de filmar una pel\u00edcula, explic\u00f3 Herzog.<\/p>\n\n\n\n<p><strong>Sobre el tutor del Laboratorio<\/strong><\/p>\n\n\n\n<p>Nicol\u00e1s Herzog es guionista, productor y director de cine entrerriano. Egresado de la carrera de Ciencias de la Comunicaci\u00f3n de la UBA, en 2010 fund\u00f3 su productora Rumba Cine y dirigi\u00f3 los films Orquesta roja (2010), Vuelo Nocturno (2016), La sombra del gallo (2020), y Elda y los monstruos (2023). Todas sus pel\u00edculas participaron en festivales internacionales y obtuvieron diversos premios y reconocimientos.<\/p>\n\n\n\n<p><strong><em>(Prensa IAAER)<\/em><\/strong><\/p>\n","protected":false},"excerpt":{"rendered":"<p>Los encuentros comienzan el martes 15 de abril, a las 19. Nicol\u00e1s Herzog (tutor) y Mauro Cape (coordinador) ser\u00e1n los encargados de esta nueva propuesta del organismo dependiente de la Secretar\u00eda de Cultura de la provincia. El Laboratorio tiene modalidad virtual, es libre y gratuito y con inscripci\u00f3n previa. La iniciativa del Instituto Aut\u00e1rquico Audiovisual [&hellip;]<\/p>\n","protected":false},"author":5,"featured_media":13059,"comment_status":"open","ping_status":"open","sticky":false,"template":"","format":"standard","meta":{"_et_pb_use_builder":"off","_et_pb_old_content":"","_et_gb_content_width":"","footnotes":""},"categories":[1,28,4],"tags":[],"class_list":["post-13058","post","type-post","status-publish","format-standard","has-post-thumbnail","hentry","category-destacado","category-noticias","category-iaaer"],"_links":{"self":[{"href":"https:\/\/www.entrerios.gov.ar\/cultura\/wp-json\/wp\/v2\/posts\/13058","targetHints":{"allow":["GET"]}}],"collection":[{"href":"https:\/\/www.entrerios.gov.ar\/cultura\/wp-json\/wp\/v2\/posts"}],"about":[{"href":"https:\/\/www.entrerios.gov.ar\/cultura\/wp-json\/wp\/v2\/types\/post"}],"author":[{"embeddable":true,"href":"https:\/\/www.entrerios.gov.ar\/cultura\/wp-json\/wp\/v2\/users\/5"}],"replies":[{"embeddable":true,"href":"https:\/\/www.entrerios.gov.ar\/cultura\/wp-json\/wp\/v2\/comments?post=13058"}],"version-history":[{"count":1,"href":"https:\/\/www.entrerios.gov.ar\/cultura\/wp-json\/wp\/v2\/posts\/13058\/revisions"}],"predecessor-version":[{"id":13060,"href":"https:\/\/www.entrerios.gov.ar\/cultura\/wp-json\/wp\/v2\/posts\/13058\/revisions\/13060"}],"wp:featuredmedia":[{"embeddable":true,"href":"https:\/\/www.entrerios.gov.ar\/cultura\/wp-json\/wp\/v2\/media\/13059"}],"wp:attachment":[{"href":"https:\/\/www.entrerios.gov.ar\/cultura\/wp-json\/wp\/v2\/media?parent=13058"}],"wp:term":[{"taxonomy":"category","embeddable":true,"href":"https:\/\/www.entrerios.gov.ar\/cultura\/wp-json\/wp\/v2\/categories?post=13058"},{"taxonomy":"post_tag","embeddable":true,"href":"https:\/\/www.entrerios.gov.ar\/cultura\/wp-json\/wp\/v2\/tags?post=13058"}],"curies":[{"name":"wp","href":"https:\/\/api.w.org\/{rel}","templated":true}]}}