{"id":13062,"date":"2025-04-03T15:47:50","date_gmt":"2025-04-03T15:47:50","guid":{"rendered":"https:\/\/www.entrerios.gov.ar\/cultura\/?p=13062"},"modified":"2025-04-03T15:47:53","modified_gmt":"2025-04-03T15:47:53","slug":"presentan-un-libro-sobre-aves-entrerrianas-en-el-museo-serrano","status":"publish","type":"post","link":"https:\/\/www.entrerios.gov.ar\/cultura\/presentan-un-libro-sobre-aves-entrerrianas-en-el-museo-serrano\/","title":{"rendered":"Presentan un libro sobre aves entrerrianas en el Museo Serrano\u00a0"},"content":{"rendered":"\n<p>La Secretar\u00eda de Cultura junto a la Secretar\u00eda de Agricultura, Ganader\u00eda y Pesca de Entre R\u00edos invitan a la presentaci\u00f3n del libro <em>Entre R\u00edos, para\u00edso de las aves silvestres<\/em>. Ser\u00e1 el martes 8 de abril a las 11 en el Museo Provincial de Ciencias Naturales y Antropol\u00f3gicas, ubicado en calle Gardel 62 de Paran\u00e1. La actividad ser\u00e1 libre y gratuita.&nbsp;<\/p>\n\n\n\n<p>El evento contar\u00e1 con la presencia de los compiladores del libro, Dante Javier Bueno y Jos\u00e9 Manuel Osinalde. Por su parte, Valeria Gonz\u00e1lez Wetzel desarrollar\u00e1 el cap\u00edtulo <em>Las aves entrerrianas como objetivo de conservaci\u00f3n internacional; <\/em>Fabricio Reales presentar\u00e1<em> Aves raras y amenazadas: d\u00f3nde encontrarlas, c\u00f3mo protegerlas<\/em>; y Jorge Noriega el apartado titulado <em>Los registros f\u00f3siles de aves de la provincia de Entre R\u00edos<\/em>.<\/p>\n\n\n\n<p>Editado por el Centro Regional Entre R\u00edos del Instituto Nacional de Tecnolog\u00eda Agropecuaria (INTA), la obra re\u00fane registros e investigaci\u00f3n sobre las especies de aves presentes en los diversos ambientes de la provincia. Con m\u00e1s de 400 especies registradas, tan abundantes como diversas, su presencia se explica en relaci\u00f3n a la diversidad de h\u00e1bitats que brindan a las aves alimento y resguardo.<\/p>\n\n\n\n<p>Desde los distintos trabajos reunidos en el libro, se destaca la labor de diferentes ONG, clubes de avistaje, observaci\u00f3n, conservaci\u00f3n, educaci\u00f3n y divulgaci\u00f3n de aves, as\u00ed como los esfuerzos de conservaci\u00f3n, estudios paleontol\u00f3gicos, microbiol\u00f3gicos y ambientales de distintas especies, entre ellas las que est\u00e1n en peligro de extinci\u00f3n, que se encuentran en diversos museos y reservas naturales provinciales.<\/p>\n\n\n\n<p><em>(Prensa Museo Provincial de Ciencias Naturales y Antropol\u00f3gicas \u201cProf. Antonio Serrano\u201d)&nbsp;<\/em><\/p>\n","protected":false},"excerpt":{"rendered":"<p>La Secretar\u00eda de Cultura junto a la Secretar\u00eda de Agricultura, Ganader\u00eda y Pesca de Entre R\u00edos invitan a la presentaci\u00f3n del libro Entre R\u00edos, para\u00edso de las aves silvestres. Ser\u00e1 el martes 8 de abril a las 11 en el Museo Provincial de Ciencias Naturales y Antropol\u00f3gicas, ubicado en calle Gardel 62 de Paran\u00e1. La [&hellip;]<\/p>\n","protected":false},"author":5,"featured_media":13063,"comment_status":"open","ping_status":"open","sticky":false,"template":"","format":"standard","meta":{"_et_pb_use_builder":"off","_et_pb_old_content":"","_et_gb_content_width":"","footnotes":""},"categories":[1,28,8],"tags":[],"class_list":["post-13062","post","type-post","status-publish","format-standard","has-post-thumbnail","hentry","category-destacado","category-noticias","category-museo-ciencias-naturales"],"_links":{"self":[{"href":"https:\/\/www.entrerios.gov.ar\/cultura\/wp-json\/wp\/v2\/posts\/13062","targetHints":{"allow":["GET"]}}],"collection":[{"href":"https:\/\/www.entrerios.gov.ar\/cultura\/wp-json\/wp\/v2\/posts"}],"about":[{"href":"https:\/\/www.entrerios.gov.ar\/cultura\/wp-json\/wp\/v2\/types\/post"}],"author":[{"embeddable":true,"href":"https:\/\/www.entrerios.gov.ar\/cultura\/wp-json\/wp\/v2\/users\/5"}],"replies":[{"embeddable":true,"href":"https:\/\/www.entrerios.gov.ar\/cultura\/wp-json\/wp\/v2\/comments?post=13062"}],"version-history":[{"count":1,"href":"https:\/\/www.entrerios.gov.ar\/cultura\/wp-json\/wp\/v2\/posts\/13062\/revisions"}],"predecessor-version":[{"id":13064,"href":"https:\/\/www.entrerios.gov.ar\/cultura\/wp-json\/wp\/v2\/posts\/13062\/revisions\/13064"}],"wp:featuredmedia":[{"embeddable":true,"href":"https:\/\/www.entrerios.gov.ar\/cultura\/wp-json\/wp\/v2\/media\/13063"}],"wp:attachment":[{"href":"https:\/\/www.entrerios.gov.ar\/cultura\/wp-json\/wp\/v2\/media?parent=13062"}],"wp:term":[{"taxonomy":"category","embeddable":true,"href":"https:\/\/www.entrerios.gov.ar\/cultura\/wp-json\/wp\/v2\/categories?post=13062"},{"taxonomy":"post_tag","embeddable":true,"href":"https:\/\/www.entrerios.gov.ar\/cultura\/wp-json\/wp\/v2\/tags?post=13062"}],"curies":[{"name":"wp","href":"https:\/\/api.w.org\/{rel}","templated":true}]}}