{"id":13068,"date":"2025-04-04T13:39:57","date_gmt":"2025-04-04T13:39:57","guid":{"rendered":"https:\/\/www.entrerios.gov.ar\/cultura\/?p=13068"},"modified":"2025-04-04T13:39:58","modified_gmt":"2025-04-04T13:39:58","slug":"convocan-a-autores-entrerrianos-para-participar-de-la-feria-internacional-del-libro-de-buenos-aires","status":"publish","type":"post","link":"https:\/\/www.entrerios.gov.ar\/cultura\/convocan-a-autores-entrerrianos-para-participar-de-la-feria-internacional-del-libro-de-buenos-aires\/","title":{"rendered":"Convocan a autores entrerrianos para participar de la Feria Internacional del Libro de Buenos Aires"},"content":{"rendered":"\n<p>La Editorial de Entre R\u00edos (EDER), dependiente de la Secretar\u00eda de Cultura de Entre R\u00edos, llama a escritores y escritoras de la provincia que tengan inter\u00e9s en presentar sus obras en su stand oficial de la 49\u00aa edici\u00f3n de la Feria Internacional del Libro de Buenos Aires, que se realizar\u00e1 entre el 24 de abril y el 12 de mayo.<\/p>\n\n\n\n<p>Los interesados deber\u00e1n comunicarse al 0343 4219854 hasta el 11 de abril sin excepci\u00f3n, para coordinar el cronograma de actos de presentaciones y obtener m\u00e1s informaci\u00f3n.<\/p>\n\n\n\n<p>Desde la EDER se informa que el D\u00eda de Entre R\u00edos en la Feria Internacional del Libro de Buenos Aires tendr\u00e1 lugar el 8 de mayo. En la oportunidad, se presentar\u00e1 el Premio Fray Mocho 2023 en el g\u00e9nero Cuento, <em>Yuch\u00e1n Florecido<\/em> de Claudio Puntel; y el Premio Fray Mocho 2022 en g\u00e9nero Poes\u00eda,<em> El asombro de los d\u00edas<\/em> de Carla Olivera. Adem\u00e1s, actuar\u00e1 el m\u00fasico entrerriano Sebasti\u00e1n Macchi con su obra<em> Luz de agua<\/em>, inspirada en la poes\u00eda de Juan L. Ortiz.<\/p>\n\n\n\n<figure class=\"wp-block-image\"><img loading=\"lazy\" decoding=\"async\" width=\"1600\" height=\"1067\" src=\"https:\/\/www.entrerios.gov.ar\/cultura\/wp-content\/uploads\/2025\/04\/AD_4nXcKk9B0il-8hsVjn9ULUBTG6evbto5icxWrxN8sLoEV9RyiDgdE7J-qitQVrBkKSD_Pp5FtUOXXFAKlEqF0XJX4dSog5N0ulqqvHDWQWXNrcdn3vs_nnIfRwsjI_ibUBPkNuL8Caw.png\" alt=\"\" class=\"wp-image-13070\" srcset=\"https:\/\/www.entrerios.gov.ar\/cultura\/wp-content\/uploads\/2025\/04\/AD_4nXcKk9B0il-8hsVjn9ULUBTG6evbto5icxWrxN8sLoEV9RyiDgdE7J-qitQVrBkKSD_Pp5FtUOXXFAKlEqF0XJX4dSog5N0ulqqvHDWQWXNrcdn3vs_nnIfRwsjI_ibUBPkNuL8Caw.png 1600w, https:\/\/www.entrerios.gov.ar\/cultura\/wp-content\/uploads\/2025\/04\/AD_4nXcKk9B0il-8hsVjn9ULUBTG6evbto5icxWrxN8sLoEV9RyiDgdE7J-qitQVrBkKSD_Pp5FtUOXXFAKlEqF0XJX4dSog5N0ulqqvHDWQWXNrcdn3vs_nnIfRwsjI_ibUBPkNuL8Caw-1280x854.png 1280w, https:\/\/www.entrerios.gov.ar\/cultura\/wp-content\/uploads\/2025\/04\/AD_4nXcKk9B0il-8hsVjn9ULUBTG6evbto5icxWrxN8sLoEV9RyiDgdE7J-qitQVrBkKSD_Pp5FtUOXXFAKlEqF0XJX4dSog5N0ulqqvHDWQWXNrcdn3vs_nnIfRwsjI_ibUBPkNuL8Caw-980x654.png 980w, https:\/\/www.entrerios.gov.ar\/cultura\/wp-content\/uploads\/2025\/04\/AD_4nXcKk9B0il-8hsVjn9ULUBTG6evbto5icxWrxN8sLoEV9RyiDgdE7J-qitQVrBkKSD_Pp5FtUOXXFAKlEqF0XJX4dSog5N0ulqqvHDWQWXNrcdn3vs_nnIfRwsjI_ibUBPkNuL8Caw-480x320.png 480w\" sizes=\"auto, (min-width: 0px) and (max-width: 480px) 480px, (min-width: 481px) and (max-width: 980px) 980px, (min-width: 981px) and (max-width: 1280px) 1280px, (min-width: 1281px) 1600px, 100vw\" \/><\/figure>\n","protected":false},"excerpt":{"rendered":"<p>La Editorial de Entre R\u00edos (EDER), dependiente de la Secretar\u00eda de Cultura de Entre R\u00edos, llama a escritores y escritoras de la provincia que tengan inter\u00e9s en presentar sus obras en su stand oficial de la 49\u00aa edici\u00f3n de la Feria Internacional del Libro de Buenos Aires, que se realizar\u00e1 entre el 24 de abril [&hellip;]<\/p>\n","protected":false},"author":5,"featured_media":13069,"comment_status":"open","ping_status":"open","sticky":false,"template":"","format":"standard","meta":{"_et_pb_use_builder":"off","_et_pb_old_content":"","_et_gb_content_width":"","footnotes":""},"categories":[1,28,6],"tags":[],"class_list":["post-13068","post","type-post","status-publish","format-standard","has-post-thumbnail","hentry","category-destacado","category-noticias","category-editorial-de-entre-rios"],"_links":{"self":[{"href":"https:\/\/www.entrerios.gov.ar\/cultura\/wp-json\/wp\/v2\/posts\/13068","targetHints":{"allow":["GET"]}}],"collection":[{"href":"https:\/\/www.entrerios.gov.ar\/cultura\/wp-json\/wp\/v2\/posts"}],"about":[{"href":"https:\/\/www.entrerios.gov.ar\/cultura\/wp-json\/wp\/v2\/types\/post"}],"author":[{"embeddable":true,"href":"https:\/\/www.entrerios.gov.ar\/cultura\/wp-json\/wp\/v2\/users\/5"}],"replies":[{"embeddable":true,"href":"https:\/\/www.entrerios.gov.ar\/cultura\/wp-json\/wp\/v2\/comments?post=13068"}],"version-history":[{"count":1,"href":"https:\/\/www.entrerios.gov.ar\/cultura\/wp-json\/wp\/v2\/posts\/13068\/revisions"}],"predecessor-version":[{"id":13071,"href":"https:\/\/www.entrerios.gov.ar\/cultura\/wp-json\/wp\/v2\/posts\/13068\/revisions\/13071"}],"wp:featuredmedia":[{"embeddable":true,"href":"https:\/\/www.entrerios.gov.ar\/cultura\/wp-json\/wp\/v2\/media\/13069"}],"wp:attachment":[{"href":"https:\/\/www.entrerios.gov.ar\/cultura\/wp-json\/wp\/v2\/media?parent=13068"}],"wp:term":[{"taxonomy":"category","embeddable":true,"href":"https:\/\/www.entrerios.gov.ar\/cultura\/wp-json\/wp\/v2\/categories?post=13068"},{"taxonomy":"post_tag","embeddable":true,"href":"https:\/\/www.entrerios.gov.ar\/cultura\/wp-json\/wp\/v2\/tags?post=13068"}],"curies":[{"name":"wp","href":"https:\/\/api.w.org\/{rel}","templated":true}]}}