{"id":13073,"date":"2025-04-06T13:10:00","date_gmt":"2025-04-06T13:10:00","guid":{"rendered":"https:\/\/www.entrerios.gov.ar\/cultura\/?p=13073"},"modified":"2025-04-04T15:21:27","modified_gmt":"2025-04-04T15:21:27","slug":"habra-un-nuevo-fogon-entrerriano-en-la-casa-de-la-cultura","status":"publish","type":"post","link":"https:\/\/www.entrerios.gov.ar\/cultura\/habra-un-nuevo-fogon-entrerriano-en-la-casa-de-la-cultura\/","title":{"rendered":"Habr\u00e1 un nuevo Fog\u00f3n Entrerriano en la Casa de la Cultura"},"content":{"rendered":"\n<p>Paran\u00e1 ser\u00e1 sede de un nuevo episodio del ciclo que impulsa la Secretar\u00eda de Cultura de Entre R\u00edos con destacados artistas, cantina y feria de emprendimientos. La cita ser\u00e1 en la Casa de la Cultura de Entre R\u00edos (Carb\u00f3 y 9 de Julio), con entrada libre y gratuita.&nbsp;<\/p>\n\n\n\n<p>El evento est\u00e1 programado para el pr\u00f3ximo viernes 11 de abril, a las 21hs con la presencia de Mar\u00eda Silva (Paran\u00e1),&nbsp; Valent\u00edn Fern\u00e1ndez Gieco (Diamante), y Ricardo Panissa (Salto, Uruguay) como artista invitado. Adem\u00e1s de un importante espacio dedicado a la m\u00fasica de la regi\u00f3n habr\u00e1 servicio de cantina y la participaci\u00f3n de artesanos y emprendedores.<\/p>\n\n\n\n<p>La grilla de artistas incluye a Mar\u00eda Silva, quien recorri\u00f3 diferentes escenarios de la provincia llevando su canto. Tiene en su haber actuaciones junto a artistas destacados, en 2023 recibi\u00f3 el reconocimiento de la provincia por su trayectoria, y en 2024 fue declarada personaje ilustre de la ciudad de Paran\u00e1.<\/p>\n\n\n\n<p>Ricardo Panissa es guitarrista, cantante e int\u00e9rprete de diferentes g\u00e9neros musicales. Naci\u00f3 en Salto, Uruguay, donde pas\u00f3 su ni\u00f1ez y su adolescencia. En el a\u00f1o 2003 edit\u00f3 el disco&nbsp;<em>Mano de Obra<\/em>, compuesto por una delicada selecci\u00f3n de m\u00fasica popular. Actualmente se encuentra produciendo su CD&nbsp;<em>Ricardo Panissa y La Feria<\/em>.<\/p>\n\n\n\n<p>Por su parte, Valent\u00edn Fern\u00e1ndez Gieco es un joven m\u00fasico diamantino, que se abre paso en la&nbsp; escena musical de la provincia con gran talento y carisma.<\/p>\n\n\n\n<p>Fog\u00f3n Entrerriano integra un grupo de ciclos impulsados por la Secretar\u00eda de Cultura de Entre R\u00edos que tienen como objetivo la creaci\u00f3n de circuitos culturales de diversas disciplinas art\u00edsticas. Se busca, adem\u00e1s,&nbsp; fomentar la circulaci\u00f3n federal de las producciones, ampliar los p\u00fablicos de las localidades participantes y ofrecer a los artistas un mayor espacio de intercambio, profesionalizaci\u00f3n y visibilidad. El ciclo es parte del programa anual CUAC! (Cultura Activa).<\/p>\n","protected":false},"excerpt":{"rendered":"<p>Paran\u00e1 ser\u00e1 sede de un nuevo episodio del ciclo que impulsa la Secretar\u00eda de Cultura de Entre R\u00edos con destacados artistas, cantina y feria de emprendimientos. La cita ser\u00e1 en la Casa de la Cultura de Entre R\u00edos (Carb\u00f3 y 9 de Julio), con entrada libre y gratuita.&nbsp; El evento est\u00e1 programado para el pr\u00f3ximo [&hellip;]<\/p>\n","protected":false},"author":5,"featured_media":13074,"comment_status":"open","ping_status":"open","sticky":false,"template":"","format":"standard","meta":{"_et_pb_use_builder":"off","_et_pb_old_content":"","_et_gb_content_width":"","footnotes":""},"categories":[1,28,19],"tags":[],"class_list":["post-13073","post","type-post","status-publish","format-standard","has-post-thumbnail","hentry","category-destacado","category-noticias","category-casa-de-la-cultura-de-er"],"_links":{"self":[{"href":"https:\/\/www.entrerios.gov.ar\/cultura\/wp-json\/wp\/v2\/posts\/13073","targetHints":{"allow":["GET"]}}],"collection":[{"href":"https:\/\/www.entrerios.gov.ar\/cultura\/wp-json\/wp\/v2\/posts"}],"about":[{"href":"https:\/\/www.entrerios.gov.ar\/cultura\/wp-json\/wp\/v2\/types\/post"}],"author":[{"embeddable":true,"href":"https:\/\/www.entrerios.gov.ar\/cultura\/wp-json\/wp\/v2\/users\/5"}],"replies":[{"embeddable":true,"href":"https:\/\/www.entrerios.gov.ar\/cultura\/wp-json\/wp\/v2\/comments?post=13073"}],"version-history":[{"count":1,"href":"https:\/\/www.entrerios.gov.ar\/cultura\/wp-json\/wp\/v2\/posts\/13073\/revisions"}],"predecessor-version":[{"id":13075,"href":"https:\/\/www.entrerios.gov.ar\/cultura\/wp-json\/wp\/v2\/posts\/13073\/revisions\/13075"}],"wp:featuredmedia":[{"embeddable":true,"href":"https:\/\/www.entrerios.gov.ar\/cultura\/wp-json\/wp\/v2\/media\/13074"}],"wp:attachment":[{"href":"https:\/\/www.entrerios.gov.ar\/cultura\/wp-json\/wp\/v2\/media?parent=13073"}],"wp:term":[{"taxonomy":"category","embeddable":true,"href":"https:\/\/www.entrerios.gov.ar\/cultura\/wp-json\/wp\/v2\/categories?post=13073"},{"taxonomy":"post_tag","embeddable":true,"href":"https:\/\/www.entrerios.gov.ar\/cultura\/wp-json\/wp\/v2\/tags?post=13073"}],"curies":[{"name":"wp","href":"https:\/\/api.w.org\/{rel}","templated":true}]}}