{"id":13076,"date":"2025-04-05T14:36:25","date_gmt":"2025-04-05T14:36:25","guid":{"rendered":"https:\/\/www.entrerios.gov.ar\/cultura\/?p=13076"},"modified":"2025-04-05T14:36:27","modified_gmt":"2025-04-05T14:36:27","slug":"la-region-centro-presento-una-propuesta-en-una-nueva-asamblea-del-consejo-federal-de-cultura","status":"publish","type":"post","link":"https:\/\/www.entrerios.gov.ar\/cultura\/la-region-centro-presento-una-propuesta-en-una-nueva-asamblea-del-consejo-federal-de-cultura\/","title":{"rendered":"La Regi\u00f3n Centro present\u00f3 una propuesta en una nueva asamblea del Consejo Federal de Cultura"},"content":{"rendered":"\n<p>La actividad se desarroll\u00f3 este viernes 4 de abril en el Palacio Libertad de la ciudad de Buenos Aires. Estuvieron presentes el secretario de Cultura de Entre R\u00edos, Juli\u00e1n Stoppello; la ministra de Cultura, de Santa Fe, Susana Rueda; y el presidente de la Agencia C\u00f3rdoba Cultura, Ra\u00fal Sansica, junto a representantes del sector de todas las provincias.<\/p>\n\n\n\n<p>El secretario de Cultura de Entre R\u00edos, Juli\u00e1n Stoppello, destac\u00f3 el &#8220;trabajo conjunto&#8221; desde la Regi\u00f3n Centro para &#8220;formular una propuesta concreta que expresa nuestra visi\u00f3n sobre lo que entendemos debe ser el rol del Consejo Federal de Cultura, generando reglas claras para la toma de decisiones pol\u00edticas que federalicen la actividad y fortalezcan a las provincias&#8221;. Y agreg\u00f3 que &#8220;desde Entre R\u00edos pudimos compartir nuestro trabajo con el Consejo Provincial de Cultura, que tiene un lineamiento claro en ese sentido y con el que ya estamos implementando pol\u00edticas culturales conjuntas con cada localidad&#8221;.<\/p>\n\n\n\n<figure class=\"wp-block-image\"><img loading=\"lazy\" decoding=\"async\" width=\"1600\" height=\"1067\" src=\"https:\/\/www.entrerios.gov.ar\/cultura\/wp-content\/uploads\/2025\/04\/AD_4nXeXCS8b0rONM9hc69daTw1MHtojCH4L3BpLAhlYs8cWtm9r84SoX0o6MmnXH0-I4eSIzeutDyBbVWUakXLrC4rm2aeIVdMUOGdCU0FDo0rf_3C5oiaJJW7TcFe6F1QG-axad4H7.jpg\" alt=\"\" class=\"wp-image-13079\" srcset=\"https:\/\/www.entrerios.gov.ar\/cultura\/wp-content\/uploads\/2025\/04\/AD_4nXeXCS8b0rONM9hc69daTw1MHtojCH4L3BpLAhlYs8cWtm9r84SoX0o6MmnXH0-I4eSIzeutDyBbVWUakXLrC4rm2aeIVdMUOGdCU0FDo0rf_3C5oiaJJW7TcFe6F1QG-axad4H7.jpg 1600w, https:\/\/www.entrerios.gov.ar\/cultura\/wp-content\/uploads\/2025\/04\/AD_4nXeXCS8b0rONM9hc69daTw1MHtojCH4L3BpLAhlYs8cWtm9r84SoX0o6MmnXH0-I4eSIzeutDyBbVWUakXLrC4rm2aeIVdMUOGdCU0FDo0rf_3C5oiaJJW7TcFe6F1QG-axad4H7-1280x854.jpg 1280w, https:\/\/www.entrerios.gov.ar\/cultura\/wp-content\/uploads\/2025\/04\/AD_4nXeXCS8b0rONM9hc69daTw1MHtojCH4L3BpLAhlYs8cWtm9r84SoX0o6MmnXH0-I4eSIzeutDyBbVWUakXLrC4rm2aeIVdMUOGdCU0FDo0rf_3C5oiaJJW7TcFe6F1QG-axad4H7-980x654.jpg 980w, https:\/\/www.entrerios.gov.ar\/cultura\/wp-content\/uploads\/2025\/04\/AD_4nXeXCS8b0rONM9hc69daTw1MHtojCH4L3BpLAhlYs8cWtm9r84SoX0o6MmnXH0-I4eSIzeutDyBbVWUakXLrC4rm2aeIVdMUOGdCU0FDo0rf_3C5oiaJJW7TcFe6F1QG-axad4H7-480x320.jpg 480w\" sizes=\"auto, (min-width: 0px) and (max-width: 480px) 480px, (min-width: 481px) and (max-width: 980px) 980px, (min-width: 981px) and (max-width: 1280px) 1280px, (min-width: 1281px) 1600px, 100vw\" \/><\/figure>\n\n\n\n<p>&#8220;Fue un importante pronunciamiento de la Regi\u00f3n Centro en el Consejo Federal de Cultura. Los tres representantes de Cultura pudimos consensuar una declaraci\u00f3n donde destacamos el trabajo conjunto de iniciativas como la Feria del Centro, y proyectos como Las Infancias al Centro , y una Feria editorial. Nuestro documento consensuado fue incorporado al acta del Consejo, y ser\u00e1 tomado como base para una futura declaraci\u00f3n que trabajaremos en conjunto todas las provincias. Avanzamos en el consenso para trabajar una ley reglamentaria del organismo, para que las decisiones sean vinculantes&#8221;, expres\u00f3 la ministra de cultura de Santa Fe, Susana Rueda.<\/p>\n\n\n\n<p>Adem\u00e1s destac\u00f3: &#8220;Es un gran orgullo percibir c\u00f3mo la regi\u00f3n se consolida en posiciones comunes, que tambi\u00e9n lidera propuestas en el resto del pa\u00eds. Y muy interesante ver c\u00f3mo hay una unidad clara en el criterio de defensa de las identidades culturales provinciales, y del concepto del valor simb\u00f3lico de la cultura, m\u00e1s all\u00e1 de lo productivo y mercantil. Hoy sentimos que avanzamos un mont\u00f3n.&#8221;<\/p>\n\n\n\n<p>Entre otros temas, desde la Regi\u00f3n Centro se expuso la necesidad de generar a trav\u00e9s del Consejo Federal de Cultura (CFC) un espacio de encuentro para el acuerdo, la concertaci\u00f3n, el di\u00e1logo y la planificaci\u00f3n.&nbsp;<\/p>\n\n\n\n<p>En ese sentido se plante\u00f3 la necesidad de articular acciones en pos de una pol\u00edtica cultural federal. Se hizo hincapi\u00e9 tambi\u00e9n en la integraci\u00f3n, la cooperaci\u00f3n y el fortalecimiento de las identidades regionales como claves para entender procesos futuros en relaci\u00f3n a la esfera de la cultura.<\/p>\n\n\n\n<figure class=\"wp-block-image\"><img loading=\"lazy\" decoding=\"async\" width=\"1600\" height=\"1067\" src=\"https:\/\/www.entrerios.gov.ar\/cultura\/wp-content\/uploads\/2025\/04\/AD_4nXckqzCfgdaPfnsXwflzrlzb7DmiEq4FexIZNsCScrMt_0oSK_IRlM5Jzv1qrz04OMg-hLIkUVq6gEkPjgDQyZ7TywzST1Wy9BLkxRuJSnkC852dtCajfH_zLg6N7egXzCn8eJdq0w.jpg\" alt=\"\" class=\"wp-image-13078\" srcset=\"https:\/\/www.entrerios.gov.ar\/cultura\/wp-content\/uploads\/2025\/04\/AD_4nXckqzCfgdaPfnsXwflzrlzb7DmiEq4FexIZNsCScrMt_0oSK_IRlM5Jzv1qrz04OMg-hLIkUVq6gEkPjgDQyZ7TywzST1Wy9BLkxRuJSnkC852dtCajfH_zLg6N7egXzCn8eJdq0w.jpg 1600w, https:\/\/www.entrerios.gov.ar\/cultura\/wp-content\/uploads\/2025\/04\/AD_4nXckqzCfgdaPfnsXwflzrlzb7DmiEq4FexIZNsCScrMt_0oSK_IRlM5Jzv1qrz04OMg-hLIkUVq6gEkPjgDQyZ7TywzST1Wy9BLkxRuJSnkC852dtCajfH_zLg6N7egXzCn8eJdq0w-1280x854.jpg 1280w, https:\/\/www.entrerios.gov.ar\/cultura\/wp-content\/uploads\/2025\/04\/AD_4nXckqzCfgdaPfnsXwflzrlzb7DmiEq4FexIZNsCScrMt_0oSK_IRlM5Jzv1qrz04OMg-hLIkUVq6gEkPjgDQyZ7TywzST1Wy9BLkxRuJSnkC852dtCajfH_zLg6N7egXzCn8eJdq0w-980x654.jpg 980w, https:\/\/www.entrerios.gov.ar\/cultura\/wp-content\/uploads\/2025\/04\/AD_4nXckqzCfgdaPfnsXwflzrlzb7DmiEq4FexIZNsCScrMt_0oSK_IRlM5Jzv1qrz04OMg-hLIkUVq6gEkPjgDQyZ7TywzST1Wy9BLkxRuJSnkC852dtCajfH_zLg6N7egXzCn8eJdq0w-480x320.jpg 480w\" sizes=\"auto, (min-width: 0px) and (max-width: 480px) 480px, (min-width: 481px) and (max-width: 980px) 980px, (min-width: 981px) and (max-width: 1280px) 1280px, (min-width: 1281px) 1600px, 100vw\" \/><\/figure>\n\n\n\n<p>Entre las propuestas del a\u00f1o, desde la Regi\u00f3n Centro se enumeraron una serie de articulaciones interprovinciales relacionadas a un encuentro dedicado a las infancias, y diferentes impulsos a los mercados audiovisuales, editoriales y de producci\u00f3n esc\u00e9nica.<\/p>\n","protected":false},"excerpt":{"rendered":"<p>La actividad se desarroll\u00f3 este viernes 4 de abril en el Palacio Libertad de la ciudad de Buenos Aires. Estuvieron presentes el secretario de Cultura de Entre R\u00edos, Juli\u00e1n Stoppello; la ministra de Cultura, de Santa Fe, Susana Rueda; y el presidente de la Agencia C\u00f3rdoba Cultura, Ra\u00fal Sansica, junto a representantes del sector de [&hellip;]<\/p>\n","protected":false},"author":5,"featured_media":13077,"comment_status":"open","ping_status":"open","sticky":false,"template":"","format":"standard","meta":{"_et_pb_use_builder":"off","_et_pb_old_content":"","_et_gb_content_width":"","footnotes":""},"categories":[1,28],"tags":[],"class_list":["post-13076","post","type-post","status-publish","format-standard","has-post-thumbnail","hentry","category-destacado","category-noticias"],"_links":{"self":[{"href":"https:\/\/www.entrerios.gov.ar\/cultura\/wp-json\/wp\/v2\/posts\/13076","targetHints":{"allow":["GET"]}}],"collection":[{"href":"https:\/\/www.entrerios.gov.ar\/cultura\/wp-json\/wp\/v2\/posts"}],"about":[{"href":"https:\/\/www.entrerios.gov.ar\/cultura\/wp-json\/wp\/v2\/types\/post"}],"author":[{"embeddable":true,"href":"https:\/\/www.entrerios.gov.ar\/cultura\/wp-json\/wp\/v2\/users\/5"}],"replies":[{"embeddable":true,"href":"https:\/\/www.entrerios.gov.ar\/cultura\/wp-json\/wp\/v2\/comments?post=13076"}],"version-history":[{"count":1,"href":"https:\/\/www.entrerios.gov.ar\/cultura\/wp-json\/wp\/v2\/posts\/13076\/revisions"}],"predecessor-version":[{"id":13080,"href":"https:\/\/www.entrerios.gov.ar\/cultura\/wp-json\/wp\/v2\/posts\/13076\/revisions\/13080"}],"wp:featuredmedia":[{"embeddable":true,"href":"https:\/\/www.entrerios.gov.ar\/cultura\/wp-json\/wp\/v2\/media\/13077"}],"wp:attachment":[{"href":"https:\/\/www.entrerios.gov.ar\/cultura\/wp-json\/wp\/v2\/media?parent=13076"}],"wp:term":[{"taxonomy":"category","embeddable":true,"href":"https:\/\/www.entrerios.gov.ar\/cultura\/wp-json\/wp\/v2\/categories?post=13076"},{"taxonomy":"post_tag","embeddable":true,"href":"https:\/\/www.entrerios.gov.ar\/cultura\/wp-json\/wp\/v2\/tags?post=13076"}],"curies":[{"name":"wp","href":"https:\/\/api.w.org\/{rel}","templated":true}]}}