{"id":13094,"date":"2025-04-08T06:02:00","date_gmt":"2025-04-08T06:02:00","guid":{"rendered":"https:\/\/www.entrerios.gov.ar\/cultura\/?p=13094"},"modified":"2025-04-07T13:05:58","modified_gmt":"2025-04-07T13:05:58","slug":"el-ciclo-entre-rios-cantada-llega-a-gualeguaychu","status":"publish","type":"post","link":"https:\/\/www.entrerios.gov.ar\/cultura\/el-ciclo-entre-rios-cantada-llega-a-gualeguaychu\/","title":{"rendered":"El ciclo\u00a0Entre R\u00edos cantada\u00a0llega a Gualeguaych\u00fa"},"content":{"rendered":"\n<p>La Biblioteca Provincial, dependiente de la Secretar\u00eda de Cultura de Entre R\u00edos, extiende sus actividades a las Bibliotecas Populares de la provincia, comenzando por Gualeguaych\u00fa. En ese marco se realizar\u00e1 un encuentro de lectura el viernes 25 de abril a las 18 en la Biblioteca Popular Sarmiento (San Mart\u00edn 899). La actividad es libre, gratuita y con inscripci\u00f3n previa.<\/p>\n\n\n\n<p>El intercambio con las distintas Bibliotecas Populares tiene como objetivo fortalecer los v\u00ednculos interinstitucionales con una mirada federal, trabajar en torno a la bibliograf\u00eda entrerriana y, especialmente, ofrecer algunos de los ciclos que se desarrollan en la Biblioteca Provincial desde principios de a\u00f1o. El poeta que se abordar\u00e1 en esta ocasi\u00f3n es Gervasio M\u00e9ndez (1843\u20131897), oriundo de Gualeguaych\u00fa.&nbsp;<\/p>\n\n\n\n<p>El ciclo ha sido declarado de Inter\u00e9s Educativo por el Consejo General de Educaci\u00f3n, por lo que se ofrecer\u00e1 al p\u00fablico asistente la posibilidad de obtener la certificaci\u00f3n correspondiente, con puntaje docente.<\/p>\n\n\n\n<p>Para asistir, se requiere inscripci\u00f3n previa, que puede realizarse de forma virtual a trav\u00e9s del&nbsp;siguiente enlace:&nbsp;<a href=\"https:\/\/forms.gle\/NgPMUKpN3DQ5Jzu66\" target=\"_blank\" rel=\"noreferrer noopener\">https:\/\/forms.gle\/NgPMUKpN3DQ5Jzu66<\/a>&nbsp;o de manera presencial. Tambi\u00e9n es posible inscribirse comunic\u00e1ndose con la Biblioteca Popular Sarmiento, al tel\u00e9fono +54 3446 525062.&nbsp;<\/p>\n","protected":false},"excerpt":{"rendered":"<p>La Biblioteca Provincial, dependiente de la Secretar\u00eda de Cultura de Entre R\u00edos, extiende sus actividades a las Bibliotecas Populares de la provincia, comenzando por Gualeguaych\u00fa. En ese marco se realizar\u00e1 un encuentro de lectura el viernes 25 de abril a las 18 en la Biblioteca Popular Sarmiento (San Mart\u00edn 899). La actividad es libre, gratuita [&hellip;]<\/p>\n","protected":false},"author":5,"featured_media":13095,"comment_status":"open","ping_status":"open","sticky":false,"template":"","format":"standard","meta":{"_et_pb_use_builder":"off","_et_pb_old_content":"","_et_gb_content_width":"","footnotes":""},"categories":[1,28,5],"tags":[],"class_list":["post-13094","post","type-post","status-publish","format-standard","has-post-thumbnail","hentry","category-destacado","category-noticias","category-biblioteca-provincial"],"_links":{"self":[{"href":"https:\/\/www.entrerios.gov.ar\/cultura\/wp-json\/wp\/v2\/posts\/13094","targetHints":{"allow":["GET"]}}],"collection":[{"href":"https:\/\/www.entrerios.gov.ar\/cultura\/wp-json\/wp\/v2\/posts"}],"about":[{"href":"https:\/\/www.entrerios.gov.ar\/cultura\/wp-json\/wp\/v2\/types\/post"}],"author":[{"embeddable":true,"href":"https:\/\/www.entrerios.gov.ar\/cultura\/wp-json\/wp\/v2\/users\/5"}],"replies":[{"embeddable":true,"href":"https:\/\/www.entrerios.gov.ar\/cultura\/wp-json\/wp\/v2\/comments?post=13094"}],"version-history":[{"count":1,"href":"https:\/\/www.entrerios.gov.ar\/cultura\/wp-json\/wp\/v2\/posts\/13094\/revisions"}],"predecessor-version":[{"id":13096,"href":"https:\/\/www.entrerios.gov.ar\/cultura\/wp-json\/wp\/v2\/posts\/13094\/revisions\/13096"}],"wp:featuredmedia":[{"embeddable":true,"href":"https:\/\/www.entrerios.gov.ar\/cultura\/wp-json\/wp\/v2\/media\/13095"}],"wp:attachment":[{"href":"https:\/\/www.entrerios.gov.ar\/cultura\/wp-json\/wp\/v2\/media?parent=13094"}],"wp:term":[{"taxonomy":"category","embeddable":true,"href":"https:\/\/www.entrerios.gov.ar\/cultura\/wp-json\/wp\/v2\/categories?post=13094"},{"taxonomy":"post_tag","embeddable":true,"href":"https:\/\/www.entrerios.gov.ar\/cultura\/wp-json\/wp\/v2\/tags?post=13094"}],"curies":[{"name":"wp","href":"https:\/\/api.w.org\/{rel}","templated":true}]}}