{"id":13108,"date":"2025-04-09T17:43:00","date_gmt":"2025-04-09T17:43:00","guid":{"rendered":"https:\/\/www.entrerios.gov.ar\/cultura\/?p=13108"},"modified":"2025-04-09T16:03:50","modified_gmt":"2025-04-09T16:03:50","slug":"entre-rios-organiza-junto-al-museo-de-casa-rosada-una-muestra-sobre-el-general-urquiza","status":"publish","type":"post","link":"https:\/\/www.entrerios.gov.ar\/cultura\/entre-rios-organiza-junto-al-museo-de-casa-rosada-una-muestra-sobre-el-general-urquiza\/","title":{"rendered":"Entre R\u00edos organiza junto al Museo de Casa Rosada una muestra sobre el General Urquiza"},"content":{"rendered":"\n<p>La propuesta se titula \u201cJusto Jos\u00e9 de Urquiza: un cambio de rumbo. Hacia la organizaci\u00f3n del Estado argentino\u201d y comenzar\u00e1 este domingo 13 de abril en la ciudad de Buenos Aires. Desde el Museo Hist\u00f3rico Provincial \u201cMartiniano Leguizam\u00f3n\u201d y el Archivo de Entre R\u00edos se aportaron objetos y documentos.&nbsp;<\/p>\n\n\n\n<p>La exhibici\u00f3n se enfoca en el rol fundamental que tuvo el General Justo Jos\u00e9 de Urquiza en la organizaci\u00f3n del territorio nacional durante la primera mitad del siglo XIX. La intenci\u00f3n es mostrar la complejidad de ese proceso desde una perspectiva global que tiene en cuenta los aspectos pol\u00edticos, sociales y econ\u00f3micos de la \u00e9poca.&nbsp;<\/p>\n\n\n\n<p>Una de las piezas claves de la muestra ser\u00e1 un poncho perteneciente al general Urquiza, que fue restaurado recientemente por el Taller de Conservaci\u00f3n de Textiles del Museo de Casa Rosada, como un aporte que pone en valor este bien patrimonial de la provincia.&nbsp;<\/p>\n\n\n\n<figure class=\"wp-block-image\"><img loading=\"lazy\" decoding=\"async\" width=\"1599\" height=\"899\" src=\"https:\/\/www.entrerios.gov.ar\/cultura\/wp-content\/uploads\/2025\/04\/AD_4nXfknKo2e-uPrbYNTu3qlw1ElAGAoWOft6x98OzXtFBsHMtiFF6PXZsXlBUW38rosfzGQUoKu-AxL0xePCWFc7ukL9kiyOihrMVEPIHv_juwPlSkEfVuxpyf8cSXT10fAOD0Jih-Qg.jpg\" alt=\"\" class=\"wp-image-13114\" srcset=\"https:\/\/www.entrerios.gov.ar\/cultura\/wp-content\/uploads\/2025\/04\/AD_4nXfknKo2e-uPrbYNTu3qlw1ElAGAoWOft6x98OzXtFBsHMtiFF6PXZsXlBUW38rosfzGQUoKu-AxL0xePCWFc7ukL9kiyOihrMVEPIHv_juwPlSkEfVuxpyf8cSXT10fAOD0Jih-Qg.jpg 1599w, https:\/\/www.entrerios.gov.ar\/cultura\/wp-content\/uploads\/2025\/04\/AD_4nXfknKo2e-uPrbYNTu3qlw1ElAGAoWOft6x98OzXtFBsHMtiFF6PXZsXlBUW38rosfzGQUoKu-AxL0xePCWFc7ukL9kiyOihrMVEPIHv_juwPlSkEfVuxpyf8cSXT10fAOD0Jih-Qg-1280x720.jpg 1280w, https:\/\/www.entrerios.gov.ar\/cultura\/wp-content\/uploads\/2025\/04\/AD_4nXfknKo2e-uPrbYNTu3qlw1ElAGAoWOft6x98OzXtFBsHMtiFF6PXZsXlBUW38rosfzGQUoKu-AxL0xePCWFc7ukL9kiyOihrMVEPIHv_juwPlSkEfVuxpyf8cSXT10fAOD0Jih-Qg-980x551.jpg 980w, https:\/\/www.entrerios.gov.ar\/cultura\/wp-content\/uploads\/2025\/04\/AD_4nXfknKo2e-uPrbYNTu3qlw1ElAGAoWOft6x98OzXtFBsHMtiFF6PXZsXlBUW38rosfzGQUoKu-AxL0xePCWFc7ukL9kiyOihrMVEPIHv_juwPlSkEfVuxpyf8cSXT10fAOD0Jih-Qg-480x270.jpg 480w\" sizes=\"auto, (min-width: 0px) and (max-width: 480px) 480px, (min-width: 481px) and (max-width: 980px) 980px, (min-width: 981px) and (max-width: 1280px) 1280px, (min-width: 1281px) 1599px, 100vw\" \/><\/figure>\n\n\n\n<p>Se podr\u00e1 visitar en el Museo de Casa Rosada, ubicado en Avenida Paseo Col\u00f3n 100, de la ciudad de Buenos Aires. Horarios: de mi\u00e9rcoles a domingos de 11 a 18 horas. Entrada gratuita.&nbsp;<\/p>\n\n\n\n<p>Contacto: <a href=\"mailto:prensamuseo@presidencia.gob.ar\">prensamuseo@presidencia.gob.ar<\/a><\/p>\n","protected":false},"excerpt":{"rendered":"<p>La propuesta se titula \u201cJusto Jos\u00e9 de Urquiza: un cambio de rumbo. Hacia la organizaci\u00f3n del Estado argentino\u201d y comenzar\u00e1 este domingo 13 de abril en la ciudad de Buenos Aires. Desde el Museo Hist\u00f3rico Provincial \u201cMartiniano Leguizam\u00f3n\u201d y el Archivo de Entre R\u00edos se aportaron objetos y documentos.&nbsp; La exhibici\u00f3n se enfoca en el [&hellip;]<\/p>\n","protected":false},"author":5,"featured_media":13109,"comment_status":"open","ping_status":"open","sticky":false,"template":"","format":"standard","meta":{"_et_pb_use_builder":"off","_et_pb_old_content":"","_et_gb_content_width":"","footnotes":""},"categories":[1,28,7,10],"tags":[],"class_list":["post-13108","post","type-post","status-publish","format-standard","has-post-thumbnail","hentry","category-destacado","category-noticias","category-archivo-general","category-museo-historico"],"_links":{"self":[{"href":"https:\/\/www.entrerios.gov.ar\/cultura\/wp-json\/wp\/v2\/posts\/13108","targetHints":{"allow":["GET"]}}],"collection":[{"href":"https:\/\/www.entrerios.gov.ar\/cultura\/wp-json\/wp\/v2\/posts"}],"about":[{"href":"https:\/\/www.entrerios.gov.ar\/cultura\/wp-json\/wp\/v2\/types\/post"}],"author":[{"embeddable":true,"href":"https:\/\/www.entrerios.gov.ar\/cultura\/wp-json\/wp\/v2\/users\/5"}],"replies":[{"embeddable":true,"href":"https:\/\/www.entrerios.gov.ar\/cultura\/wp-json\/wp\/v2\/comments?post=13108"}],"version-history":[{"count":2,"href":"https:\/\/www.entrerios.gov.ar\/cultura\/wp-json\/wp\/v2\/posts\/13108\/revisions"}],"predecessor-version":[{"id":13115,"href":"https:\/\/www.entrerios.gov.ar\/cultura\/wp-json\/wp\/v2\/posts\/13108\/revisions\/13115"}],"wp:featuredmedia":[{"embeddable":true,"href":"https:\/\/www.entrerios.gov.ar\/cultura\/wp-json\/wp\/v2\/media\/13109"}],"wp:attachment":[{"href":"https:\/\/www.entrerios.gov.ar\/cultura\/wp-json\/wp\/v2\/media?parent=13108"}],"wp:term":[{"taxonomy":"category","embeddable":true,"href":"https:\/\/www.entrerios.gov.ar\/cultura\/wp-json\/wp\/v2\/categories?post=13108"},{"taxonomy":"post_tag","embeddable":true,"href":"https:\/\/www.entrerios.gov.ar\/cultura\/wp-json\/wp\/v2\/tags?post=13108"}],"curies":[{"name":"wp","href":"https:\/\/api.w.org\/{rel}","templated":true}]}}