{"id":13111,"date":"2025-04-09T16:02:44","date_gmt":"2025-04-09T16:02:44","guid":{"rendered":"https:\/\/www.entrerios.gov.ar\/cultura\/?p=13111"},"modified":"2025-04-16T15:59:14","modified_gmt":"2025-04-16T15:59:14","slug":"extienden-el-plazo-de-inscripcion-para-el-concurso-de-bocetos-del-encuentro-provincial-de-muralismo","status":"publish","type":"post","link":"https:\/\/www.entrerios.gov.ar\/cultura\/extienden-el-plazo-de-inscripcion-para-el-concurso-de-bocetos-del-encuentro-provincial-de-muralismo\/","title":{"rendered":"Extienden el plazo de inscripci\u00f3n para el concurso de bocetos del Encuentro Provincial de Muralismo"},"content":{"rendered":"\n<p>La pr\u00f3rroga ser\u00e1 hasta las 10 de la ma\u00f1ana del pr\u00f3ximo 15 de abril. Quienes sean seleccionados percibir\u00e1n un cachet para producir la obra durante el evento, que se realizar\u00e1 del 9 al 11 de mayo en la ciudad de General Galarza. Organizan la Secretar\u00eda de Cultura de Entre R\u00edos y el Municipio local.<\/p>\n\n\n\n<p>La extensi\u00f3n de la fecha de inscripci\u00f3n se defini\u00f3 por Resoluci\u00f3n 95\/25. Se seleccionar\u00e1n siete obras que se plasmar\u00e1n en muros durante los d\u00edas del evento. Cada proyecto seleccionado, realizado en forma individual o colectiva, percibir\u00e1 un cachet por la producci\u00f3n. El tema a desarrollar es la&nbsp;<em>inclusi\u00f3n<\/em>. El formato de presentaci\u00f3n es digital, las y los interesados deber\u00e1n completar diferentes datos y adjuntar un boceto de la obra.&nbsp;<\/p>\n\n\n\n<p><a href=\"https:\/\/drive.google.com\/file\/d\/1bsHh_p6_9SJyotYSbx7wO86HTND_Vwj0\/view\" target=\"_blank\" rel=\"noreferrer noopener\">VER REGLAMENTO<\/a>&nbsp;<\/p>\n\n\n\n<p><a href=\"https:\/\/docs.google.com\/forms\/d\/e\/1FAIpQLScPzzD_qa7CNmJ1rcMYut7981JY6K584u1VCWe2b9atZUsCPQ\/viewform\" target=\"_blank\" rel=\"noreferrer noopener\">VER FORMULARIO DE INSCRIPCI\u00d3N AL CONCURSO<\/a>&nbsp;<\/p>\n\n\n\n<p>El Encuentro Provincial de Muralismo tiene por objetivo promocionar el arte mural como elemento cultural cotidiano y desarrollar estrategias para la implementaci\u00f3n de pol\u00edticas p\u00fablicas relacionadas al sector, adem\u00e1s de potenciar el muralismo como un elemento patrimonial de la comunidad.<\/p>\n\n\n\n<p>Es parte del programa anual CUAC! (Cultura Activa), una iniciativa de la Secretar\u00eda de Cultura de Entre R\u00edos que agrupa distintas iniciativas itinerantes, con una mirada federal y que abarcan a toda la provincia.<\/p>\n\n\n\n<p><strong>Actividades especiales<\/strong><\/p>\n\n\n\n<p>Durante el Encuentro, en mayo, tambi\u00e9n habr\u00e1 una charla y un taller de mural comunitario. Estas instancias est\u00e1n dirigidas a toda la comunidad art\u00edstica. El plazo para efectuar la inscripci\u00f3n de estas actividades es hasta el viernes 25 de abril y por cuestiones organizativas, es necesario que se inscriban todos los interesados, incluyendo quienes participan del concurso de bocetos.&nbsp;<a href=\"https:\/\/docs.google.com\/forms\/d\/1gcOi-2hU8P_CoJGXp23yiC1S9qegxLLC_CPU4-sfWOM\/viewform?edit_requested=true\" target=\"_blank\" rel=\"noreferrer noopener\">FORMULARIO DE INSCRIPCI\u00d3N<\/a><\/p>\n\n\n\n<p>Consultas:&nbsp;<a href=\"mailto:culturaconvocatoriaer@gmail.com\" target=\"_blank\" rel=\"noreferrer noopener\">culturaconvocatoriaer@gmail.com<\/a><\/p>\n\n\n\n<p><em>Fotos: Encuentro Provincial de Muralismo _ Archivo SCER.-<\/em><\/p>\n","protected":false},"excerpt":{"rendered":"<p>La pr\u00f3rroga ser\u00e1 hasta las 10 de la ma\u00f1ana del pr\u00f3ximo 15 de abril. Quienes sean seleccionados percibir\u00e1n un cachet para producir la obra durante el evento, que se realizar\u00e1 del 9 al 11 de mayo en la ciudad de General Galarza. Organizan la Secretar\u00eda de Cultura de Entre R\u00edos y el Municipio local. La [&hellip;]<\/p>\n","protected":false},"author":5,"featured_media":13112,"comment_status":"open","ping_status":"open","sticky":false,"template":"","format":"standard","meta":{"_et_pb_use_builder":"off","_et_pb_old_content":"","_et_gb_content_width":"","footnotes":""},"categories":[1,28,58],"tags":[],"class_list":["post-13111","post","type-post","status-publish","format-standard","has-post-thumbnail","hentry","category-destacado","category-noticias","category-concursos-cerrados"],"_links":{"self":[{"href":"https:\/\/www.entrerios.gov.ar\/cultura\/wp-json\/wp\/v2\/posts\/13111","targetHints":{"allow":["GET"]}}],"collection":[{"href":"https:\/\/www.entrerios.gov.ar\/cultura\/wp-json\/wp\/v2\/posts"}],"about":[{"href":"https:\/\/www.entrerios.gov.ar\/cultura\/wp-json\/wp\/v2\/types\/post"}],"author":[{"embeddable":true,"href":"https:\/\/www.entrerios.gov.ar\/cultura\/wp-json\/wp\/v2\/users\/5"}],"replies":[{"embeddable":true,"href":"https:\/\/www.entrerios.gov.ar\/cultura\/wp-json\/wp\/v2\/comments?post=13111"}],"version-history":[{"count":1,"href":"https:\/\/www.entrerios.gov.ar\/cultura\/wp-json\/wp\/v2\/posts\/13111\/revisions"}],"predecessor-version":[{"id":13113,"href":"https:\/\/www.entrerios.gov.ar\/cultura\/wp-json\/wp\/v2\/posts\/13111\/revisions\/13113"}],"wp:featuredmedia":[{"embeddable":true,"href":"https:\/\/www.entrerios.gov.ar\/cultura\/wp-json\/wp\/v2\/media\/13112"}],"wp:attachment":[{"href":"https:\/\/www.entrerios.gov.ar\/cultura\/wp-json\/wp\/v2\/media?parent=13111"}],"wp:term":[{"taxonomy":"category","embeddable":true,"href":"https:\/\/www.entrerios.gov.ar\/cultura\/wp-json\/wp\/v2\/categories?post=13111"},{"taxonomy":"post_tag","embeddable":true,"href":"https:\/\/www.entrerios.gov.ar\/cultura\/wp-json\/wp\/v2\/tags?post=13111"}],"curies":[{"name":"wp","href":"https:\/\/api.w.org\/{rel}","templated":true}]}}