{"id":13124,"date":"2025-04-11T17:07:59","date_gmt":"2025-04-11T17:07:59","guid":{"rendered":"https:\/\/www.entrerios.gov.ar\/cultura\/?p=13124"},"modified":"2025-04-11T17:08:01","modified_gmt":"2025-04-11T17:08:01","slug":"el-iaaer-invita-a-una-nueva-funcion-del-ciclo-de-cineclub","status":"publish","type":"post","link":"https:\/\/www.entrerios.gov.ar\/cultura\/el-iaaer-invita-a-una-nueva-funcion-del-ciclo-de-cineclub\/","title":{"rendered":"El IAAER invita a una nueva funci\u00f3n del ciclo de Cineclub"},"content":{"rendered":"\n<p>En el marco de la programaci\u00f3n denominada Impacto Fulminante: Cuando la m\u00fasica transforma, este martes 15 de abril a las 20 se proyectar\u00e1 Blank Generation, de Ulli Lommel (1980). Ser\u00e1, como es habitual, en la Sala Rub\u00e9n Noble (Gregoria Matorras 861, de Paran\u00e1). Entrada libre y gratuita.<\/p>\n\n\n\n<p>La actividad es organizada por el Instituto Aut\u00e1rquico Audiovisual de Entre R\u00edos (IAAER), que depende de la Secretar\u00eda de Cultura provincial. El objetivo es generar un espacio de participaci\u00f3n para que la ciudadan\u00eda tenga acceso a bienes culturales en forma gratuita, considerando siempre la posibilidad de llegar a diversos p\u00fablicos y distintas edades.<\/p>\n\n\n\n<p>La pel\u00edcula plantea que la historia del punk neoyorquino fue contada muchas veces, pero pocos relatos consiguen transmitir c\u00f3mo era transitar ese espacio en el momento indicado. Esta producci\u00f3n lo logra, contando una ficci\u00f3n que tiene un fuerte anclaje en lo real: la historia de Richard Hell como personaje que quiere salir adelante haciendo m\u00fasica, intentando una relaci\u00f3n amorosa y lidiando con las discogr\u00e1ficas. Adem\u00e1s Andy Warhol tiene una participaci\u00f3n ins\u00f3lita.<\/p>\n\n\n\n<p>El Ciclo del IAAER est\u00e1 curado por Javier Diz y se desarrolla los martes, a las 20, en el sal\u00f3n Rub\u00e9n Noble, de la sede del IAAER.<\/p>\n\n\n\n<p><em>(Prensa IAAER)&nbsp;<\/em><\/p>\n","protected":false},"excerpt":{"rendered":"<p>En el marco de la programaci\u00f3n denominada Impacto Fulminante: Cuando la m\u00fasica transforma, este martes 15 de abril a las 20 se proyectar\u00e1 Blank Generation, de Ulli Lommel (1980). Ser\u00e1, como es habitual, en la Sala Rub\u00e9n Noble (Gregoria Matorras 861, de Paran\u00e1). Entrada libre y gratuita. La actividad es organizada por el Instituto Aut\u00e1rquico [&hellip;]<\/p>\n","protected":false},"author":5,"featured_media":13125,"comment_status":"open","ping_status":"open","sticky":false,"template":"","format":"standard","meta":{"_et_pb_use_builder":"off","_et_pb_old_content":"","_et_gb_content_width":"","footnotes":""},"categories":[1,28,4],"tags":[],"class_list":["post-13124","post","type-post","status-publish","format-standard","has-post-thumbnail","hentry","category-destacado","category-noticias","category-iaaer"],"_links":{"self":[{"href":"https:\/\/www.entrerios.gov.ar\/cultura\/wp-json\/wp\/v2\/posts\/13124","targetHints":{"allow":["GET"]}}],"collection":[{"href":"https:\/\/www.entrerios.gov.ar\/cultura\/wp-json\/wp\/v2\/posts"}],"about":[{"href":"https:\/\/www.entrerios.gov.ar\/cultura\/wp-json\/wp\/v2\/types\/post"}],"author":[{"embeddable":true,"href":"https:\/\/www.entrerios.gov.ar\/cultura\/wp-json\/wp\/v2\/users\/5"}],"replies":[{"embeddable":true,"href":"https:\/\/www.entrerios.gov.ar\/cultura\/wp-json\/wp\/v2\/comments?post=13124"}],"version-history":[{"count":1,"href":"https:\/\/www.entrerios.gov.ar\/cultura\/wp-json\/wp\/v2\/posts\/13124\/revisions"}],"predecessor-version":[{"id":13126,"href":"https:\/\/www.entrerios.gov.ar\/cultura\/wp-json\/wp\/v2\/posts\/13124\/revisions\/13126"}],"wp:featuredmedia":[{"embeddable":true,"href":"https:\/\/www.entrerios.gov.ar\/cultura\/wp-json\/wp\/v2\/media\/13125"}],"wp:attachment":[{"href":"https:\/\/www.entrerios.gov.ar\/cultura\/wp-json\/wp\/v2\/media?parent=13124"}],"wp:term":[{"taxonomy":"category","embeddable":true,"href":"https:\/\/www.entrerios.gov.ar\/cultura\/wp-json\/wp\/v2\/categories?post=13124"},{"taxonomy":"post_tag","embeddable":true,"href":"https:\/\/www.entrerios.gov.ar\/cultura\/wp-json\/wp\/v2\/tags?post=13124"}],"curies":[{"name":"wp","href":"https:\/\/api.w.org\/{rel}","templated":true}]}}