{"id":13145,"date":"2025-04-15T15:59:41","date_gmt":"2025-04-15T15:59:41","guid":{"rendered":"https:\/\/www.entrerios.gov.ar\/cultura\/?p=13145"},"modified":"2025-04-16T12:01:06","modified_gmt":"2025-04-16T12:01:06","slug":"la-secretaria-de-cultura-de-entre-rios-impulsa-actividades-para-disfrutar-en-semana-santa","status":"publish","type":"post","link":"https:\/\/www.entrerios.gov.ar\/cultura\/la-secretaria-de-cultura-de-entre-rios-impulsa-actividades-para-disfrutar-en-semana-santa\/","title":{"rendered":"La Secretar\u00eda de Cultura de Entre R\u00edos impulsa actividades para disfrutar en Semana Santa"},"content":{"rendered":"\n<p>Muestras, exposiciones, feria de libros, visitas guiadas y espect\u00e1culos forman parte de la agenda que podr\u00e1n disfrutar vecinos y turistas en distintos puntos de la provincia. Las propuestas son libres y gratuitas y dirigidas a p\u00fablicos de distintas edades.&nbsp;<\/p>\n\n\n\n<p>La agenda se desarrollar\u00e1 desde el mi\u00e9rcoles 16 al domingo 20 de abril. El secretario de Cultura, Juli\u00e1n Stoppello, destac\u00f3 \u201cpoder compartir distintas propuestas con un car\u00e1cter federal, invitando a la comunidad a participar y visitar los organismos culturales de la provincia. Es un objetivo claro que marca la gesti\u00f3n del gobernador Rogelio Frigerio y el ministro de Gobierno y Trabajo, Manuel Troncoso\u201d.&nbsp;<\/p>\n\n\n\n<p>Entre las opciones se destaca una muestra sobre iconograf\u00eda religiosa en el Museo Hist\u00f3rico de Entre R\u00edos \u201cMartiniano Leguizam\u00f3n\u201d (Buenos Aires 286, Paran\u00e1). Habr\u00e1 piezas que son parte de la exposici\u00f3n permanente a las que se sumar\u00e1n objetos utilizados para la oraci\u00f3n y la consagraci\u00f3n. Estar\u00e1 disponible para ser visitada el fin de semana largo con entrada libre y gratuita. Los horarios ser\u00e1n jueves y viernes de 9 a 12; s\u00e1bado de 9 a 12 y de 17 a 20; y domingo de 9 a 12.<\/p>\n\n\n\n<p>Otros museos que podr\u00e1n ser visitados en Semana Santa son el Museo de Ciencias Naturales y Antropol\u00f3gicas <em>Prof. Antonio Serrano<\/em> (calle Gardel 62, Paran\u00e1); Museo Provincial de Bellas Artes <em>Dr. Pedro E. Mart\u00ednez<\/em> (Buenos Aires 355, Paran\u00e1); en Concordia, el Museo Provincial de la Imagen (Buenos Aires 179); en Concepci\u00f3n del Uruguay, el Museo Provincial de Dibujo y Grabado <em>Artemio Alisio<\/em> (Auditorio Municipal, calle 8 de Junio 773); y en Col\u00f3n, el Museo Provincial y Monumento Hist\u00f3rico<em> Molino Forclaz<\/em>, que tendr\u00e1 visitas guiadas, teatralizadas y m\u00fasica en vivo.&nbsp;<\/p>\n\n\n\n<p>Para m\u00e1s informaci\u00f3n, consultar las redes sociales de <em>Cultura Entre R\u00edos<\/em>, de cada organismo o la agenda completa en el siguiente enlace:<a href=\"https:\/\/drive.google.com\/file\/d\/1-fKM44IC98teYE4mfWwPRrQBr7GTskRn\/view\"> VER AGENDA COMPLETA\u00a0<\/a><\/p>\n\n\n\n<p><strong>Otras actividades:&nbsp;<\/strong><\/p>\n\n\n\n<p>Este mi\u00e9rcoles 16 de abril a las 20 se inaugura la primera exposici\u00f3n de la convocatoria anual de AURA. Ser\u00e1 en la sala Antequeda (Alameda de la Federaci\u00f3n 557, Paran\u00e1), donde funciona el Centro Experimental de Arte Contempor\u00e1neo de Entre R\u00edos. Para visitar en Semana Santa, consultar la agenda y redes.&nbsp;&nbsp;&nbsp;<\/p>\n\n\n\n<p>Tambi\u00e9n este mi\u00e9rcoles 16 de abril, de 19 a 21 y con entrada libre y gratuita, habr\u00e1 una nueva Noche de las Linternas en el Museo <em>Antonio Serrano<\/em> (calle Carlos Gardel 62, Paran\u00e1).&nbsp;<\/p>\n\n\n\n<p>Se realizar\u00e1 una nueva edici\u00f3n de M\u00e1gica, feria de libros y editoriales. Con puestos gastron\u00f3micos y m\u00fasica en vivo de Emilia Cersofio y G-Fonk. S\u00e1bado de 16 a 21 en la Peatonal San Mart\u00edn de Paran\u00e1 (entre La Paz y Col\u00f3n).&nbsp;<\/p>\n\n\n\n<p>El domingo, en tanto, Programa Doble tendr\u00e1 un nuevo encuentro en la Vieja Usina (Gregoria Matorras 861, Paran\u00e1). Ser\u00e1 con<strong> <\/strong>Cuentos en el Patio a partir de las 19 y Un domingo de Teatro a las 20. La entrada es libre y gratuita.<\/p>\n\n\n\n<p>Teatro a las 20. La entrada es libre y gratuita.<\/p>\n","protected":false},"excerpt":{"rendered":"<p>Muestras, exposiciones, feria de libros, visitas guiadas y espect\u00e1culos forman parte de la agenda que podr\u00e1n disfrutar vecinos y turistas en distintos puntos de la provincia. Las propuestas son libres y gratuitas y dirigidas a p\u00fablicos de distintas edades.&nbsp; La agenda se desarrollar\u00e1 desde el mi\u00e9rcoles 16 al domingo 20 de abril. El secretario de [&hellip;]<\/p>\n","protected":false},"author":5,"featured_media":13146,"comment_status":"open","ping_status":"open","sticky":false,"template":"","format":"standard","meta":{"_et_pb_use_builder":"off","_et_pb_old_content":"","_et_gb_content_width":"","footnotes":""},"categories":[1,28,139,18,9,8,15,12,10,13,22],"tags":[],"class_list":["post-13145","post","type-post","status-publish","format-standard","has-post-thumbnail","hentry","category-destacado","category-noticias","category-ceacer-aura","category-centro-cultural-la-vieja-usina","category-museo-bellas-artes","category-museo-ciencias-naturales","category-museo-de-dibujo-y-grabado","category-museo-de-la-imagen","category-museo-historico","category-museo-molino-forclaz","category-sala-antequeda"],"_links":{"self":[{"href":"https:\/\/www.entrerios.gov.ar\/cultura\/wp-json\/wp\/v2\/posts\/13145","targetHints":{"allow":["GET"]}}],"collection":[{"href":"https:\/\/www.entrerios.gov.ar\/cultura\/wp-json\/wp\/v2\/posts"}],"about":[{"href":"https:\/\/www.entrerios.gov.ar\/cultura\/wp-json\/wp\/v2\/types\/post"}],"author":[{"embeddable":true,"href":"https:\/\/www.entrerios.gov.ar\/cultura\/wp-json\/wp\/v2\/users\/5"}],"replies":[{"embeddable":true,"href":"https:\/\/www.entrerios.gov.ar\/cultura\/wp-json\/wp\/v2\/comments?post=13145"}],"version-history":[{"count":4,"href":"https:\/\/www.entrerios.gov.ar\/cultura\/wp-json\/wp\/v2\/posts\/13145\/revisions"}],"predecessor-version":[{"id":13159,"href":"https:\/\/www.entrerios.gov.ar\/cultura\/wp-json\/wp\/v2\/posts\/13145\/revisions\/13159"}],"wp:featuredmedia":[{"embeddable":true,"href":"https:\/\/www.entrerios.gov.ar\/cultura\/wp-json\/wp\/v2\/media\/13146"}],"wp:attachment":[{"href":"https:\/\/www.entrerios.gov.ar\/cultura\/wp-json\/wp\/v2\/media?parent=13145"}],"wp:term":[{"taxonomy":"category","embeddable":true,"href":"https:\/\/www.entrerios.gov.ar\/cultura\/wp-json\/wp\/v2\/categories?post=13145"},{"taxonomy":"post_tag","embeddable":true,"href":"https:\/\/www.entrerios.gov.ar\/cultura\/wp-json\/wp\/v2\/tags?post=13145"}],"curies":[{"name":"wp","href":"https:\/\/api.w.org\/{rel}","templated":true}]}}