{"id":13160,"date":"2025-04-20T06:38:00","date_gmt":"2025-04-20T06:38:00","guid":{"rendered":"https:\/\/www.entrerios.gov.ar\/cultura\/?p=13160"},"modified":"2025-04-16T13:40:48","modified_gmt":"2025-04-16T13:40:48","slug":"culmino-el-ciclo-de-peliculas-que-propuso-el-cineclub-del-iaaer","status":"publish","type":"post","link":"https:\/\/www.entrerios.gov.ar\/cultura\/culmino-el-ciclo-de-peliculas-que-propuso-el-cineclub-del-iaaer\/","title":{"rendered":"Culmin\u00f3 el ciclo de pel\u00edculas que propuso el Cineclub del IAAER"},"content":{"rendered":"\n<p>Con la funci\u00f3n del martes 15 de abril concluy\u00f3 el ciclo de pel\u00edculas Impacto Fulminante: Cuando la m\u00fasica transforma. Cada encuentro de acceso libre y gratuito se realiz\u00f3 en la Sala Rub\u00e9n Noble. El Instituto Aut\u00e1rquico Audiovisual de Entre R\u00edos (IAAER) depende de la Secretar\u00eda de Cultura de la provincia.&nbsp;<\/p>\n\n\n\n<p>La cartelera concluy\u00f3 con Blank Generation, de Ulli Lommel (1980); mientras que en las semanas anteriores se hab\u00edan proyectado The girl can\u00b4t help it, de Frank Tashlin (1956); Lovers rock, de Steve McQueen (2020); y Oleg y las raras artes, de Andr\u00e9s Luque (2016); m\u00e1s la proyecci\u00f3n del cortometraje Aliens, de Luis L\u00f3pez Carrasco (2017). De esta forma el enlace entre m\u00fasica y cine fue el hilo conductor de esta selecci\u00f3n de cuatro largometrajes y un corto.<\/p>\n\n\n\n<p>El espacio del Cineclub del IAAER sigue creciendo, conformando un p\u00fablico que encontr\u00f3 un espacio propicio para ver un cine distinto, los martes por la noche, desde mediados del a\u00f1o pasado. Y continuar\u00e1 facilitando que la ciudadan\u00eda tenga acceso a bienes culturales, en este caso desde el S\u00e9ptimo Arte.<\/p>\n\n\n\n<p><em>(Prensa IAAER)<\/em><\/p>\n","protected":false},"excerpt":{"rendered":"<p>Con la funci\u00f3n del martes 15 de abril concluy\u00f3 el ciclo de pel\u00edculas Impacto Fulminante: Cuando la m\u00fasica transforma. Cada encuentro de acceso libre y gratuito se realiz\u00f3 en la Sala Rub\u00e9n Noble. El Instituto Aut\u00e1rquico Audiovisual de Entre R\u00edos (IAAER) depende de la Secretar\u00eda de Cultura de la provincia.&nbsp; La cartelera concluy\u00f3 con Blank [&hellip;]<\/p>\n","protected":false},"author":5,"featured_media":13161,"comment_status":"open","ping_status":"open","sticky":false,"template":"","format":"standard","meta":{"_et_pb_use_builder":"off","_et_pb_old_content":"","_et_gb_content_width":"","footnotes":""},"categories":[1,28,4],"tags":[],"class_list":["post-13160","post","type-post","status-publish","format-standard","has-post-thumbnail","hentry","category-destacado","category-noticias","category-iaaer"],"_links":{"self":[{"href":"https:\/\/www.entrerios.gov.ar\/cultura\/wp-json\/wp\/v2\/posts\/13160","targetHints":{"allow":["GET"]}}],"collection":[{"href":"https:\/\/www.entrerios.gov.ar\/cultura\/wp-json\/wp\/v2\/posts"}],"about":[{"href":"https:\/\/www.entrerios.gov.ar\/cultura\/wp-json\/wp\/v2\/types\/post"}],"author":[{"embeddable":true,"href":"https:\/\/www.entrerios.gov.ar\/cultura\/wp-json\/wp\/v2\/users\/5"}],"replies":[{"embeddable":true,"href":"https:\/\/www.entrerios.gov.ar\/cultura\/wp-json\/wp\/v2\/comments?post=13160"}],"version-history":[{"count":1,"href":"https:\/\/www.entrerios.gov.ar\/cultura\/wp-json\/wp\/v2\/posts\/13160\/revisions"}],"predecessor-version":[{"id":13162,"href":"https:\/\/www.entrerios.gov.ar\/cultura\/wp-json\/wp\/v2\/posts\/13160\/revisions\/13162"}],"wp:featuredmedia":[{"embeddable":true,"href":"https:\/\/www.entrerios.gov.ar\/cultura\/wp-json\/wp\/v2\/media\/13161"}],"wp:attachment":[{"href":"https:\/\/www.entrerios.gov.ar\/cultura\/wp-json\/wp\/v2\/media?parent=13160"}],"wp:term":[{"taxonomy":"category","embeddable":true,"href":"https:\/\/www.entrerios.gov.ar\/cultura\/wp-json\/wp\/v2\/categories?post=13160"},{"taxonomy":"post_tag","embeddable":true,"href":"https:\/\/www.entrerios.gov.ar\/cultura\/wp-json\/wp\/v2\/tags?post=13160"}],"curies":[{"name":"wp","href":"https:\/\/api.w.org\/{rel}","templated":true}]}}