{"id":13177,"date":"2025-04-20T13:35:00","date_gmt":"2025-04-20T13:35:00","guid":{"rendered":"https:\/\/www.entrerios.gov.ar\/cultura\/?p=13177"},"modified":"2025-04-16T21:36:48","modified_gmt":"2025-04-16T21:36:48","slug":"el-ciclo-un-domingo-de-teatro-llega-a-gualeguaychu","status":"publish","type":"post","link":"https:\/\/www.entrerios.gov.ar\/cultura\/el-ciclo-un-domingo-de-teatro-llega-a-gualeguaychu\/","title":{"rendered":"El Ciclo Un Domingo de Teatro llega a Gualeguaych\u00fa"},"content":{"rendered":"\n<p>La funci\u00f3n ser\u00e1 el 27 de abril a las 20 en el Teatro Gualeguaych\u00fa (calle Urquiza 705), con entrada libre y gratuita. Se presentar\u00e1 la obra&nbsp;<em>Que hablen otras partes de m\u00ed<\/em>, de Gast\u00f3n D\u00edaz, con puesta del grupo Salida de Emergencia. Organiza la Secretar\u00eda de Cultura de Entre R\u00edos y el Municipio local.&nbsp;<\/p>\n\n\n\n<p>En la obra, fragmentos de la vida de Gloria, una actriz ap\u00f3crifa de los a\u00f1os dorados del cine argentino, se despliegan cada vez que hace carne sus recuerdos. El dossier de la producci\u00f3n se presenta as\u00ed: \u201c<em>Que hablen otras partes de m\u00ed<\/em>&nbsp;es una colecci\u00f3n de recuerdos tra\u00eddos a manotazos, sin orden, de una caja de joyas antiguas, memorias edulcoradas de un amor m\u00edstico y fant\u00e1stico, hecho ficci\u00f3n\u201d.<\/p>\n\n\n\n<p>Act\u00faan: Johanna Buiatti y Yas\u00fa Peltzer. Vestuario: Caranday (Maci\u00e1). Acondicionamiento de vestuario: Luciana Jaime. Registro audiovisual (f\u00edlmico): Agust\u00edn Sanchez Ordo\u00f1ez. Registro digital y Producci\u00f3n audiovisual: Gast\u00f3n Miranda. Revelado Super 8mm y escaneo a digital: Arco Iris. Dise\u00f1o gr\u00e1fico: Ana Guerra. Edici\u00f3n de sonido: Lautaro Gonz\u00e1lez. Asistente de direcci\u00f3n: Ferm\u00edn Amado. Direcci\u00f3n: Tamara Honigman. Producci\u00f3n: Liebre de Marzo. El grupo Salida de Emergencia es oriundo de Gualeguay.<\/p>\n\n\n\n<p>El Ciclo Un Domingo de Teatro ofrece diversas producciones con una impronta federal y es parte del programa anual CUAC! (Cultura Activa), que la Secretar\u00eda de Cultura de Entre R\u00edos desarrolla en toda la provincia.<\/p>\n","protected":false},"excerpt":{"rendered":"<p>La funci\u00f3n ser\u00e1 el 27 de abril a las 20 en el Teatro Gualeguaych\u00fa (calle Urquiza 705), con entrada libre y gratuita. Se presentar\u00e1 la obra&nbsp;Que hablen otras partes de m\u00ed, de Gast\u00f3n D\u00edaz, con puesta del grupo Salida de Emergencia. Organiza la Secretar\u00eda de Cultura de Entre R\u00edos y el Municipio local.&nbsp; En la [&hellip;]<\/p>\n","protected":false},"author":5,"featured_media":13178,"comment_status":"open","ping_status":"open","sticky":false,"template":"","format":"standard","meta":{"_et_pb_use_builder":"off","_et_pb_old_content":"","_et_gb_content_width":"","footnotes":""},"categories":[1,28],"tags":[],"class_list":["post-13177","post","type-post","status-publish","format-standard","has-post-thumbnail","hentry","category-destacado","category-noticias"],"_links":{"self":[{"href":"https:\/\/www.entrerios.gov.ar\/cultura\/wp-json\/wp\/v2\/posts\/13177","targetHints":{"allow":["GET"]}}],"collection":[{"href":"https:\/\/www.entrerios.gov.ar\/cultura\/wp-json\/wp\/v2\/posts"}],"about":[{"href":"https:\/\/www.entrerios.gov.ar\/cultura\/wp-json\/wp\/v2\/types\/post"}],"author":[{"embeddable":true,"href":"https:\/\/www.entrerios.gov.ar\/cultura\/wp-json\/wp\/v2\/users\/5"}],"replies":[{"embeddable":true,"href":"https:\/\/www.entrerios.gov.ar\/cultura\/wp-json\/wp\/v2\/comments?post=13177"}],"version-history":[{"count":1,"href":"https:\/\/www.entrerios.gov.ar\/cultura\/wp-json\/wp\/v2\/posts\/13177\/revisions"}],"predecessor-version":[{"id":13179,"href":"https:\/\/www.entrerios.gov.ar\/cultura\/wp-json\/wp\/v2\/posts\/13177\/revisions\/13179"}],"wp:featuredmedia":[{"embeddable":true,"href":"https:\/\/www.entrerios.gov.ar\/cultura\/wp-json\/wp\/v2\/media\/13178"}],"wp:attachment":[{"href":"https:\/\/www.entrerios.gov.ar\/cultura\/wp-json\/wp\/v2\/media?parent=13177"}],"wp:term":[{"taxonomy":"category","embeddable":true,"href":"https:\/\/www.entrerios.gov.ar\/cultura\/wp-json\/wp\/v2\/categories?post=13177"},{"taxonomy":"post_tag","embeddable":true,"href":"https:\/\/www.entrerios.gov.ar\/cultura\/wp-json\/wp\/v2\/tags?post=13177"}],"curies":[{"name":"wp","href":"https:\/\/api.w.org\/{rel}","templated":true}]}}