{"id":13188,"date":"2025-04-17T19:15:24","date_gmt":"2025-04-17T19:15:24","guid":{"rendered":"https:\/\/www.entrerios.gov.ar\/cultura\/?p=13188"},"modified":"2025-04-17T19:31:17","modified_gmt":"2025-04-17T19:31:17","slug":"con-gran-convocatoria-se-realizo-una-nueva-edicion-de-la-noche-de-las-linternas-en-el-museo-serrano","status":"publish","type":"post","link":"https:\/\/www.entrerios.gov.ar\/cultura\/con-gran-convocatoria-se-realizo-una-nueva-edicion-de-la-noche-de-las-linternas-en-el-museo-serrano\/","title":{"rendered":"M\u00e1s de 600 personas participaron de una nueva edici\u00f3n de La Noche de las Linternas en el Museo Serrano"},"content":{"rendered":"\n<p>Visitantes de todas las edades disfrutaron la actividad que se realiz\u00f3 este mi\u00e9rcoles y fue parte de la agenda programada por la Secretar\u00eda de Cultura de Entre R\u00edos para Semana Santa. La propuesta invita a sumergirse en un recorrido por las salas a oscuras, guiados por la luz de linternas, a trav\u00e9s de un juego de preguntas y pistas.<\/p>\n\n\n\n<p><\/p>\n\n\n\n<figure class=\"wp-block-image size-large\"><img loading=\"lazy\" decoding=\"async\" width=\"1024\" height=\"683\" src=\"https:\/\/www.entrerios.gov.ar\/cultura\/wp-content\/uploads\/2025\/04\/54457497275_671ece93b3_o-1024x683.jpg\" alt=\"\" class=\"wp-image-13190\" srcset=\"https:\/\/www.entrerios.gov.ar\/cultura\/wp-content\/uploads\/2025\/04\/54457497275_671ece93b3_o-980x653.jpg 980w, https:\/\/www.entrerios.gov.ar\/cultura\/wp-content\/uploads\/2025\/04\/54457497275_671ece93b3_o-480x320.jpg 480w\" sizes=\"auto, (min-width: 0px) and (max-width: 480px) 480px, (min-width: 481px) and (max-width: 980px) 980px, (min-width: 981px) 1024px, 100vw\" \/><\/figure>\n\n\n\n<p><strong>Participaci\u00f3n del p\u00fablico<\/strong><\/p>\n\n\n\n<p>\u201cMe encant\u00f3 la sala de los animales y el oso hormiguero es mi preferido\u201d, expres\u00f3 Francisco, de 8 a\u00f1os. \u201cEs una actividad muy linda y entretenida, ojal\u00e1 se siga realizando\u201d, dijo Natalia de Sauce Montrull. \u201cVenimos siempre. Nos encanta a todos, pero principalmente a los chicos\u201d, coment\u00f3 Juan, de San Benito, que particip\u00f3 junto a su esposa y sus dos hijos. Valeria, de 13 a\u00f1os: \u201cVenimos siempre. Lo que m\u00e1s me gusta es descubrir cosas nuevas\u201d. Ludmila y Erica, tambi\u00e9n de 13 a\u00f1os y de Paran\u00e1, concluyeron: \u201cAntropolog\u00eda y vertebrados es lo que m\u00e1s nos gust\u00f3. Est\u00e1 muy buena la propuesta\u201d.&nbsp;<\/p>\n\n\n\n<p>Por su parte, el coordinador del Museo, Gast\u00f3n Fleita Moreyra, remarc\u00f3: \u201cEstamos muy contentos de tener tan buena convocatoria. Las y los visitantes se van agradecidos y felices, y ese es el mejor reconocimiento que nos impulsa a seguir trabajando. Agradecemos a todas las personas que nos acompa\u00f1aron\u201d.&nbsp;<\/p>\n\n\n\n<figure class=\"wp-block-image size-large\"><img loading=\"lazy\" decoding=\"async\" width=\"1024\" height=\"716\" src=\"https:\/\/www.entrerios.gov.ar\/cultura\/wp-content\/uploads\/2025\/04\/54457132811_253de65fb8_o-1024x716.jpg\" alt=\"\" class=\"wp-image-13191\" srcset=\"https:\/\/www.entrerios.gov.ar\/cultura\/wp-content\/uploads\/2025\/04\/54457132811_253de65fb8_o-980x685.jpg 980w, https:\/\/www.entrerios.gov.ar\/cultura\/wp-content\/uploads\/2025\/04\/54457132811_253de65fb8_o-480x336.jpg 480w\" sizes=\"auto, (min-width: 0px) and (max-width: 480px) 480px, (min-width: 481px) and (max-width: 980px) 980px, (min-width: 981px) 1024px, 100vw\" \/><\/figure>\n\n\n\n<p><strong>Horario para el fin de semana largo:<\/strong><\/p>\n\n\n\n<p>El Museo Serrano, ubicado en calle Carlos Gardel 62 de Paran\u00e1,&nbsp; puede visitarse durante el fin de semana en el siguiente horario: viernes de 10 a 13; s\u00e1bado de 9 a 13 y de 15 a 19; domingo de 10 a 13. La entrada es libre y gratuita.<\/p>\n","protected":false},"excerpt":{"rendered":"<p>Visitantes de todas las edades disfrutaron la actividad que se realiz\u00f3 este mi\u00e9rcoles y fue parte de la agenda programada por la Secretar\u00eda de Cultura de Entre R\u00edos para Semana Santa. La propuesta invita a sumergirse en un recorrido por las salas a oscuras, guiados por la luz de linternas, a trav\u00e9s de un juego [&hellip;]<\/p>\n","protected":false},"author":51,"featured_media":13189,"comment_status":"open","ping_status":"open","sticky":false,"template":"","format":"standard","meta":{"_et_pb_use_builder":"off","_et_pb_old_content":"","_et_gb_content_width":"","footnotes":""},"categories":[1,28,8],"tags":[],"class_list":["post-13188","post","type-post","status-publish","format-standard","has-post-thumbnail","hentry","category-destacado","category-noticias","category-museo-ciencias-naturales"],"_links":{"self":[{"href":"https:\/\/www.entrerios.gov.ar\/cultura\/wp-json\/wp\/v2\/posts\/13188","targetHints":{"allow":["GET"]}}],"collection":[{"href":"https:\/\/www.entrerios.gov.ar\/cultura\/wp-json\/wp\/v2\/posts"}],"about":[{"href":"https:\/\/www.entrerios.gov.ar\/cultura\/wp-json\/wp\/v2\/types\/post"}],"author":[{"embeddable":true,"href":"https:\/\/www.entrerios.gov.ar\/cultura\/wp-json\/wp\/v2\/users\/51"}],"replies":[{"embeddable":true,"href":"https:\/\/www.entrerios.gov.ar\/cultura\/wp-json\/wp\/v2\/comments?post=13188"}],"version-history":[{"count":6,"href":"https:\/\/www.entrerios.gov.ar\/cultura\/wp-json\/wp\/v2\/posts\/13188\/revisions"}],"predecessor-version":[{"id":13200,"href":"https:\/\/www.entrerios.gov.ar\/cultura\/wp-json\/wp\/v2\/posts\/13188\/revisions\/13200"}],"wp:featuredmedia":[{"embeddable":true,"href":"https:\/\/www.entrerios.gov.ar\/cultura\/wp-json\/wp\/v2\/media\/13189"}],"wp:attachment":[{"href":"https:\/\/www.entrerios.gov.ar\/cultura\/wp-json\/wp\/v2\/media?parent=13188"}],"wp:term":[{"taxonomy":"category","embeddable":true,"href":"https:\/\/www.entrerios.gov.ar\/cultura\/wp-json\/wp\/v2\/categories?post=13188"},{"taxonomy":"post_tag","embeddable":true,"href":"https:\/\/www.entrerios.gov.ar\/cultura\/wp-json\/wp\/v2\/tags?post=13188"}],"curies":[{"name":"wp","href":"https:\/\/api.w.org\/{rel}","templated":true}]}}