{"id":13202,"date":"2025-04-20T16:50:25","date_gmt":"2025-04-20T16:50:25","guid":{"rendered":"https:\/\/www.entrerios.gov.ar\/cultura\/?p=13202"},"modified":"2025-04-20T16:56:00","modified_gmt":"2025-04-20T16:56:00","slug":"magica-tuvo-una-nueva-jornada-con-libros-y-musica-en-parana","status":"publish","type":"post","link":"https:\/\/www.entrerios.gov.ar\/cultura\/magica-tuvo-una-nueva-jornada-con-libros-y-musica-en-parana\/","title":{"rendered":"M\u00e1gica tuvo una nueva jornada con libros y m\u00fasica en Paran\u00e1"},"content":{"rendered":"\n<p>Fue este s\u00e1bado en la Peatonal San Mart\u00edn, entre Col\u00f3n y La Paz. Hubo feria de librer\u00edas y editoriales, puestos gastron\u00f3micos y m\u00fasica en vivo. Es una iniciativa de la Secretar\u00eda de Cultura de Entre R\u00edos que se realiza en playas, plazas y paseos p\u00fablicos de distintas localidades.<\/p>\n\n\n\n<p>El secretario de Cultura de Entre R\u00edos, Juli\u00e1n Stoppello, valor\u00f3 \u201ccompartir con p\u00fablico de todas las edades el trabajo de las librer\u00edas, editoriales y escritores de la provincia, impulsando tambi\u00e9n el h\u00e1bito de la lectura\u201d. Y agreg\u00f3 que M\u00e1gica es una \u201cpropuesta itinerante que tiene una mirada federal, como marca la gesti\u00f3n del gobernador Rogelio Frigerio y el ministro de Gobierno y Trabajo, Manuel Troncoso\u201d.<\/p>\n\n\n\n<figure class=\"wp-block-image size-large\"><img loading=\"lazy\" decoding=\"async\" width=\"1024\" height=\"683\" src=\"https:\/\/www.entrerios.gov.ar\/cultura\/wp-content\/uploads\/2025\/04\/IMG_6722-1024x683.jpg\" alt=\"\" class=\"wp-image-13208\" srcset=\"https:\/\/www.entrerios.gov.ar\/cultura\/wp-content\/uploads\/2025\/04\/IMG_6722-980x653.jpg 980w, https:\/\/www.entrerios.gov.ar\/cultura\/wp-content\/uploads\/2025\/04\/IMG_6722-480x320.jpg 480w\" sizes=\"auto, (min-width: 0px) and (max-width: 480px) 480px, (min-width: 481px) and (max-width: 980px) 980px, (min-width: 981px) 1024px, 100vw\" \/><\/figure>\n\n\n\n<p>La jornada se desarroll\u00f3 desde las 16 con una muy buena concurrencia de p\u00fablico. En los cerca de 20 stands presentes hubo libros de autores entrerrianos contempor\u00e1neos, del siglo XX, ediciones nuevas y usadas, fanzines y revistas. Adem\u00e1s de Paran\u00e1, M\u00e1gica ya tuvo ediciones en Col\u00f3n, Concordia, Federaci\u00f3n, Gualeguaych\u00fa y Concepci\u00f3n del Uruguay. <\/p>\n\n\n\n<p>Pablo Olgu\u00edn, de la librer\u00eda Las Palmeras Salvajes, agradeci\u00f3 la invitaci\u00f3n y dijo que \u201ceste tipo de ferias y eventos nos permiten desarrollar y mostrar lo que hacemos\u201d.<\/p>\n\n\n\n<p>Emilia Cersofio, quien fue parte del cierre musical, destac\u00f3 \u201cque se hagan estos encuentros que fomentan la lectura y la venta de libros de la provincia, donde tambi\u00e9n tenemos la oportunidad de compartir nuestra m\u00fasica\u201d. &nbsp;<\/p>\n\n\n\n<figure class=\"wp-block-image size-large\"><img loading=\"lazy\" decoding=\"async\" width=\"1024\" height=\"683\" src=\"https:\/\/www.entrerios.gov.ar\/cultura\/wp-content\/uploads\/2025\/04\/IMG_6758-1024x683.jpg\" alt=\"\" class=\"wp-image-13205\" srcset=\"https:\/\/www.entrerios.gov.ar\/cultura\/wp-content\/uploads\/2025\/04\/IMG_6758-980x653.jpg 980w, https:\/\/www.entrerios.gov.ar\/cultura\/wp-content\/uploads\/2025\/04\/IMG_6758-480x320.jpg 480w\" sizes=\"auto, (min-width: 0px) and (max-width: 480px) 480px, (min-width: 481px) and (max-width: 980px) 980px, (min-width: 981px) 1024px, 100vw\" \/><\/figure>\n\n\n\n<p>M\u00e1gica es parte de Cuac! (Cultura Activa), un programa anual de ciclos, encuentros y eventos que la Secretar\u00eda de Cultura de Entre R\u00edos desarrolla en toda la provincia y que abarca las distintas disciplinas art\u00edsticas. &nbsp;<\/p>\n","protected":false},"excerpt":{"rendered":"<p>Fue este s\u00e1bado en la Peatonal San Mart\u00edn, entre Col\u00f3n y La Paz. Hubo feria de librer\u00edas y editoriales, puestos gastron\u00f3micos y m\u00fasica en vivo. Es una iniciativa de la Secretar\u00eda de Cultura de Entre R\u00edos que se realiza en playas, plazas y paseos p\u00fablicos de distintas localidades. El secretario de Cultura de Entre R\u00edos, [&hellip;]<\/p>\n","protected":false},"author":51,"featured_media":13206,"comment_status":"open","ping_status":"open","sticky":false,"template":"","format":"standard","meta":{"_et_pb_use_builder":"off","_et_pb_old_content":"","_et_gb_content_width":"","footnotes":""},"categories":[1,28],"tags":[],"class_list":["post-13202","post","type-post","status-publish","format-standard","has-post-thumbnail","hentry","category-destacado","category-noticias"],"_links":{"self":[{"href":"https:\/\/www.entrerios.gov.ar\/cultura\/wp-json\/wp\/v2\/posts\/13202","targetHints":{"allow":["GET"]}}],"collection":[{"href":"https:\/\/www.entrerios.gov.ar\/cultura\/wp-json\/wp\/v2\/posts"}],"about":[{"href":"https:\/\/www.entrerios.gov.ar\/cultura\/wp-json\/wp\/v2\/types\/post"}],"author":[{"embeddable":true,"href":"https:\/\/www.entrerios.gov.ar\/cultura\/wp-json\/wp\/v2\/users\/51"}],"replies":[{"embeddable":true,"href":"https:\/\/www.entrerios.gov.ar\/cultura\/wp-json\/wp\/v2\/comments?post=13202"}],"version-history":[{"count":5,"href":"https:\/\/www.entrerios.gov.ar\/cultura\/wp-json\/wp\/v2\/posts\/13202\/revisions"}],"predecessor-version":[{"id":13211,"href":"https:\/\/www.entrerios.gov.ar\/cultura\/wp-json\/wp\/v2\/posts\/13202\/revisions\/13211"}],"wp:featuredmedia":[{"embeddable":true,"href":"https:\/\/www.entrerios.gov.ar\/cultura\/wp-json\/wp\/v2\/media\/13206"}],"wp:attachment":[{"href":"https:\/\/www.entrerios.gov.ar\/cultura\/wp-json\/wp\/v2\/media?parent=13202"}],"wp:term":[{"taxonomy":"category","embeddable":true,"href":"https:\/\/www.entrerios.gov.ar\/cultura\/wp-json\/wp\/v2\/categories?post=13202"},{"taxonomy":"post_tag","embeddable":true,"href":"https:\/\/www.entrerios.gov.ar\/cultura\/wp-json\/wp\/v2\/tags?post=13202"}],"curies":[{"name":"wp","href":"https:\/\/api.w.org\/{rel}","templated":true}]}}