{"id":13213,"date":"2025-04-21T18:24:03","date_gmt":"2025-04-21T18:24:03","guid":{"rendered":"https:\/\/www.entrerios.gov.ar\/cultura\/?p=13213"},"modified":"2025-04-21T18:24:05","modified_gmt":"2025-04-21T18:24:05","slug":"diamante-sera-sede-de-un-nuevo-fogon-entrerriano","status":"publish","type":"post","link":"https:\/\/www.entrerios.gov.ar\/cultura\/diamante-sera-sede-de-un-nuevo-fogon-entrerriano\/","title":{"rendered":"Diamante ser\u00e1 sede de un nuevo Fog\u00f3n Entrerriano"},"content":{"rendered":"\n<p>El evento est\u00e1 programado para este viernes 25 de abril desde las 20 en el Centro Cultural \u201cLa Barranca\u201d (ex Mercado Municipal, Serrano 419). Organizan la Secretar\u00eda de Cultura de Entre R\u00edos y el Municipio local. Habr\u00e1 m\u00fasica en vivo, con entrada libre y gratuita.&nbsp;<\/p>\n\n\n\n<p>Actuar\u00e1n en vivo Anal\u00eda Bosque; Diamantinos; Son 3 Folclore y Timb\u00faes. Tambi\u00e9n habr\u00e1 servicio de cantina. Se invita a la comunidad a participar de esta propuesta itinerante y federal que se replica en distintas localidades de la provincia y propone un encuentro con la m\u00fasica de la regi\u00f3n.<\/p>\n\n\n\n<p>Fog\u00f3n Entrerriano integra un grupo de ciclos impulsados por la Secretar\u00eda de Cultura de Entre R\u00edos dentro del programa anual Cuac! (Cultura Activa). El objetivo es la creaci\u00f3n de circuitos culturales de diversas disciplinas art\u00edsticas y la ampliaci\u00f3n de los p\u00fablicos de las localidades participantes.<\/p>\n","protected":false},"excerpt":{"rendered":"<p>El evento est\u00e1 programado para este viernes 25 de abril desde las 20 en el Centro Cultural \u201cLa Barranca\u201d (ex Mercado Municipal, Serrano 419). Organizan la Secretar\u00eda de Cultura de Entre R\u00edos y el Municipio local. Habr\u00e1 m\u00fasica en vivo, con entrada libre y gratuita.&nbsp; Actuar\u00e1n en vivo Anal\u00eda Bosque; Diamantinos; Son 3 Folclore y [&hellip;]<\/p>\n","protected":false},"author":5,"featured_media":13214,"comment_status":"open","ping_status":"open","sticky":false,"template":"","format":"standard","meta":{"_et_pb_use_builder":"off","_et_pb_old_content":"","_et_gb_content_width":"","footnotes":""},"categories":[1,28],"tags":[],"class_list":["post-13213","post","type-post","status-publish","format-standard","has-post-thumbnail","hentry","category-destacado","category-noticias"],"_links":{"self":[{"href":"https:\/\/www.entrerios.gov.ar\/cultura\/wp-json\/wp\/v2\/posts\/13213","targetHints":{"allow":["GET"]}}],"collection":[{"href":"https:\/\/www.entrerios.gov.ar\/cultura\/wp-json\/wp\/v2\/posts"}],"about":[{"href":"https:\/\/www.entrerios.gov.ar\/cultura\/wp-json\/wp\/v2\/types\/post"}],"author":[{"embeddable":true,"href":"https:\/\/www.entrerios.gov.ar\/cultura\/wp-json\/wp\/v2\/users\/5"}],"replies":[{"embeddable":true,"href":"https:\/\/www.entrerios.gov.ar\/cultura\/wp-json\/wp\/v2\/comments?post=13213"}],"version-history":[{"count":1,"href":"https:\/\/www.entrerios.gov.ar\/cultura\/wp-json\/wp\/v2\/posts\/13213\/revisions"}],"predecessor-version":[{"id":13215,"href":"https:\/\/www.entrerios.gov.ar\/cultura\/wp-json\/wp\/v2\/posts\/13213\/revisions\/13215"}],"wp:featuredmedia":[{"embeddable":true,"href":"https:\/\/www.entrerios.gov.ar\/cultura\/wp-json\/wp\/v2\/media\/13214"}],"wp:attachment":[{"href":"https:\/\/www.entrerios.gov.ar\/cultura\/wp-json\/wp\/v2\/media?parent=13213"}],"wp:term":[{"taxonomy":"category","embeddable":true,"href":"https:\/\/www.entrerios.gov.ar\/cultura\/wp-json\/wp\/v2\/categories?post=13213"},{"taxonomy":"post_tag","embeddable":true,"href":"https:\/\/www.entrerios.gov.ar\/cultura\/wp-json\/wp\/v2\/tags?post=13213"}],"curies":[{"name":"wp","href":"https:\/\/api.w.org\/{rel}","templated":true}]}}