{"id":13216,"date":"2025-04-22T11:48:56","date_gmt":"2025-04-22T11:48:56","guid":{"rendered":"https:\/\/www.entrerios.gov.ar\/cultura\/?p=13216"},"modified":"2025-04-22T11:48:57","modified_gmt":"2025-04-22T11:48:57","slug":"el-ciclo-piano-adentro-llega-a-concepcion-del-uruguay-con-una-propuesta-especial","status":"publish","type":"post","link":"https:\/\/www.entrerios.gov.ar\/cultura\/el-ciclo-piano-adentro-llega-a-concepcion-del-uruguay-con-una-propuesta-especial\/","title":{"rendered":"El ciclo Piano Adentro llega a Concepci\u00f3n del Uruguay con una propuesta especial"},"content":{"rendered":"\n<p>Ser\u00e1 este s\u00e1bado 26 de abril en la Escuela de M\u00fasica \u201cCelia Torr\u00e1\u201d (Estrada 724). Habr\u00e1 un concierto did\u00e1ctico m\u00e1s un documental (con inscripci\u00f3n previa) y dos conciertos (retirar entradas gratuitas previamente). El evento tiene el apoyo de la Secretar\u00eda de Cultura de Entre R\u00edos, la Municipalidad local y la Universidad Aut\u00f3noma de Entre R\u00edos (UADER).<\/p>\n\n\n\n<p>\u201cPiano Adentro, solistas litorale\u00f1os\u201d est\u00e1 integrado por Kevin Mernez (Nogoy\u00e1 \u2013 C. del Uruguay); Aline Soto (Villa Libertador San Mart\u00edn \u2013 Paran\u00e1); Lucio Salisky (Rosario del Tala); y Silvia Teijeira (Federal-Paran\u00e1). Cuatro m\u00fasicos de diferentes localidades entrerrianas que recorren la provincia con un repertorio de chamam\u00e9s, candombes, canciones litorale\u00f1as, tango, zambas, chacareras y otras m\u00fasicas populares de la regi\u00f3n y el pa\u00eds.<\/p>\n\n\n\n<p><strong>La programaci\u00f3n para Concepci\u00f3n del Uruguay es la siguiente:&nbsp;<\/strong><\/p>\n\n\n\n<p>16hs: Documental y Concierto Did\u00e1ctico: Destinado a estudiantes de los profesorados de m\u00fasica y del nivel medio, tambi\u00e9n al p\u00fablico en general interesado en la m\u00fasica instrumental de ra\u00edz popular litorale\u00f1a y rioplatense.&nbsp;<\/p>\n\n\n\n<p>18hs: Recital con la artista invitada Macarena G\u00f3mez Delgado (voz) y Facundo Torres\u00e1n (acorde\u00f3n).<\/p>\n\n\n\n<p>21hs: Recital con los m\u00fasicos invitados Julia Barbiero (voz)&nbsp; y Sebasti\u00e1n Mart\u00ednez (percusi\u00f3n).<\/p>\n\n\n\n<p><strong>Inscripci\u00f3n y entradas:<\/strong><\/p>\n\n\n\n<p>Para el concierto did\u00e1ctico y documental de las 16: La inscripci\u00f3n previa puede hacerse al mail&nbsp;<a href=\"mailto:direccionctorra@fhaycs.uader.edu.ar\" target=\"_blank\" rel=\"noreferrer noopener\">direccionctorra@fhaycs.uader.edu.ar<\/a>&nbsp;Tambi\u00e9n se puede hacer presencial en la Escuela de M\u00fasica de 8 a 19hs hasta el viernes 25 de abril. Actividad gratuita con cupo limitado.&nbsp;<\/p>\n\n\n\n<p>Para los recitales de las 18 y 21: retirar las entradas en la Escuela de M\u00fasica de 8 a 19 hasta el viernes 25 de abril. Actividad gratuita con cupo limitado.&nbsp;<\/p>\n\n\n\n<p><em>Foto de portada:&nbsp; Ph Melina Londero_ Piano Adentro 2024.-<\/em><\/p>\n","protected":false},"excerpt":{"rendered":"<p>Ser\u00e1 este s\u00e1bado 26 de abril en la Escuela de M\u00fasica \u201cCelia Torr\u00e1\u201d (Estrada 724). Habr\u00e1 un concierto did\u00e1ctico m\u00e1s un documental (con inscripci\u00f3n previa) y dos conciertos (retirar entradas gratuitas previamente). El evento tiene el apoyo de la Secretar\u00eda de Cultura de Entre R\u00edos, la Municipalidad local y la Universidad Aut\u00f3noma de Entre R\u00edos [&hellip;]<\/p>\n","protected":false},"author":5,"featured_media":13217,"comment_status":"open","ping_status":"open","sticky":false,"template":"","format":"standard","meta":{"_et_pb_use_builder":"off","_et_pb_old_content":"","_et_gb_content_width":"","footnotes":""},"categories":[1,28],"tags":[],"class_list":["post-13216","post","type-post","status-publish","format-standard","has-post-thumbnail","hentry","category-destacado","category-noticias"],"_links":{"self":[{"href":"https:\/\/www.entrerios.gov.ar\/cultura\/wp-json\/wp\/v2\/posts\/13216","targetHints":{"allow":["GET"]}}],"collection":[{"href":"https:\/\/www.entrerios.gov.ar\/cultura\/wp-json\/wp\/v2\/posts"}],"about":[{"href":"https:\/\/www.entrerios.gov.ar\/cultura\/wp-json\/wp\/v2\/types\/post"}],"author":[{"embeddable":true,"href":"https:\/\/www.entrerios.gov.ar\/cultura\/wp-json\/wp\/v2\/users\/5"}],"replies":[{"embeddable":true,"href":"https:\/\/www.entrerios.gov.ar\/cultura\/wp-json\/wp\/v2\/comments?post=13216"}],"version-history":[{"count":1,"href":"https:\/\/www.entrerios.gov.ar\/cultura\/wp-json\/wp\/v2\/posts\/13216\/revisions"}],"predecessor-version":[{"id":13218,"href":"https:\/\/www.entrerios.gov.ar\/cultura\/wp-json\/wp\/v2\/posts\/13216\/revisions\/13218"}],"wp:featuredmedia":[{"embeddable":true,"href":"https:\/\/www.entrerios.gov.ar\/cultura\/wp-json\/wp\/v2\/media\/13217"}],"wp:attachment":[{"href":"https:\/\/www.entrerios.gov.ar\/cultura\/wp-json\/wp\/v2\/media?parent=13216"}],"wp:term":[{"taxonomy":"category","embeddable":true,"href":"https:\/\/www.entrerios.gov.ar\/cultura\/wp-json\/wp\/v2\/categories?post=13216"},{"taxonomy":"post_tag","embeddable":true,"href":"https:\/\/www.entrerios.gov.ar\/cultura\/wp-json\/wp\/v2\/tags?post=13216"}],"curies":[{"name":"wp","href":"https:\/\/api.w.org\/{rel}","templated":true}]}}