{"id":13219,"date":"2025-04-23T06:59:00","date_gmt":"2025-04-23T06:59:00","guid":{"rendered":"https:\/\/www.entrerios.gov.ar\/cultura\/?p=13219"},"modified":"2025-04-22T12:00:56","modified_gmt":"2025-04-22T12:00:56","slug":"continua-el-ciclo-de-lecturas-entre-rios-cantada","status":"publish","type":"post","link":"https:\/\/www.entrerios.gov.ar\/cultura\/continua-el-ciclo-de-lecturas-entre-rios-cantada\/","title":{"rendered":"Contin\u00faa el ciclo de lecturas Entre R\u00edos Cantada\u00a0"},"content":{"rendered":"\n<p>Es una iniciativa de la Secretar\u00eda de Cultura de Entre R\u00edos, a trav\u00e9s de la Biblioteca Provincial. Se desarrolla a partir de la lectura colectiva de autoras y autores de la provincia con la participaci\u00f3n activa del p\u00fablico. Hubo un encuentro en Paran\u00e1 y este viernes sigue en Gualeguaych\u00fa.<\/p>\n\n\n\n<p>En Paran\u00e1, en la sede de la Biblioteca Provincial, la jornada estuvo dedicada a la vida y obra del poeta Diego Fern\u00e1ndez Espiro (1862\u20131912), oriundo de Concepci\u00f3n del Uruguay. La actividad propuso un recorrido por distintos momentos de su producci\u00f3n, con referencias a su trayectoria, al contexto hist\u00f3rico y literario en el que escribi\u00f3, y a algunos rasgos de estilo que permiten situarlo en el tr\u00e1nsito entre el romanticismo y el modernismo.<\/p>\n\n\n\n<p>Este viernes 25 de abril desde las 18, Entre R\u00edos Cantada continuar\u00e1 en la Biblioteca Popular Sarmiento de Gualeguaych\u00fa (calle San Mart\u00edn 899). Estar\u00e1 dedicada al poeta oriundo de esa localidad, Gervasio M\u00e9ndez. Se otorgar\u00e1 puntaje docente. Invitan a la comunidad a participar.<\/p>\n","protected":false},"excerpt":{"rendered":"<p>Es una iniciativa de la Secretar\u00eda de Cultura de Entre R\u00edos, a trav\u00e9s de la Biblioteca Provincial. Se desarrolla a partir de la lectura colectiva de autoras y autores de la provincia con la participaci\u00f3n activa del p\u00fablico. Hubo un encuentro en Paran\u00e1 y este viernes sigue en Gualeguaych\u00fa. En Paran\u00e1, en la sede de [&hellip;]<\/p>\n","protected":false},"author":5,"featured_media":13220,"comment_status":"open","ping_status":"open","sticky":false,"template":"","format":"standard","meta":{"_et_pb_use_builder":"off","_et_pb_old_content":"","_et_gb_content_width":"","footnotes":""},"categories":[1,28,5],"tags":[],"class_list":["post-13219","post","type-post","status-publish","format-standard","has-post-thumbnail","hentry","category-destacado","category-noticias","category-biblioteca-provincial"],"_links":{"self":[{"href":"https:\/\/www.entrerios.gov.ar\/cultura\/wp-json\/wp\/v2\/posts\/13219","targetHints":{"allow":["GET"]}}],"collection":[{"href":"https:\/\/www.entrerios.gov.ar\/cultura\/wp-json\/wp\/v2\/posts"}],"about":[{"href":"https:\/\/www.entrerios.gov.ar\/cultura\/wp-json\/wp\/v2\/types\/post"}],"author":[{"embeddable":true,"href":"https:\/\/www.entrerios.gov.ar\/cultura\/wp-json\/wp\/v2\/users\/5"}],"replies":[{"embeddable":true,"href":"https:\/\/www.entrerios.gov.ar\/cultura\/wp-json\/wp\/v2\/comments?post=13219"}],"version-history":[{"count":1,"href":"https:\/\/www.entrerios.gov.ar\/cultura\/wp-json\/wp\/v2\/posts\/13219\/revisions"}],"predecessor-version":[{"id":13221,"href":"https:\/\/www.entrerios.gov.ar\/cultura\/wp-json\/wp\/v2\/posts\/13219\/revisions\/13221"}],"wp:featuredmedia":[{"embeddable":true,"href":"https:\/\/www.entrerios.gov.ar\/cultura\/wp-json\/wp\/v2\/media\/13220"}],"wp:attachment":[{"href":"https:\/\/www.entrerios.gov.ar\/cultura\/wp-json\/wp\/v2\/media?parent=13219"}],"wp:term":[{"taxonomy":"category","embeddable":true,"href":"https:\/\/www.entrerios.gov.ar\/cultura\/wp-json\/wp\/v2\/categories?post=13219"},{"taxonomy":"post_tag","embeddable":true,"href":"https:\/\/www.entrerios.gov.ar\/cultura\/wp-json\/wp\/v2\/tags?post=13219"}],"curies":[{"name":"wp","href":"https:\/\/api.w.org\/{rel}","templated":true}]}}