{"id":13223,"date":"2025-04-23T12:34:00","date_gmt":"2025-04-23T12:34:00","guid":{"rendered":"https:\/\/www.entrerios.gov.ar\/cultura\/?p=13223"},"modified":"2025-04-23T15:33:04","modified_gmt":"2025-04-23T15:33:04","slug":"entre-rios-participa-de-la-49a-feria-internacional-del-libro-de-buenos-aires","status":"publish","type":"post","link":"https:\/\/www.entrerios.gov.ar\/cultura\/entre-rios-participa-de-la-49a-feria-internacional-del-libro-de-buenos-aires\/","title":{"rendered":"Entre R\u00edos participa de la 49\u00aa Feria Internacional del Libro de Buenos Aires"},"content":{"rendered":"\n<p>Editoriales de la provincia son parte del stand impulsado por la Secretar\u00eda de Cultura, a trav\u00e9s de la Editorial de Entre R\u00edos. Se presentar\u00e1n m\u00e1s de 30 libros de autores entrerrianos. La actividad para el p\u00fablico comienza este jueves y se extiende hasta el 12 de mayo en el Predio Ferial La Rural de la ciudad de Buenos Aires.<\/p>\n\n\n\n<p>El secretario de Cultura de Entre R\u00edos, Juli\u00e1n Stoppello, destac\u00f3: \u201cNuestro objetivo es generar espacios para el desarrollo de las editoriales y autores de toda la provincia. Lo hacemos con distintas convocatorias abiertas, con la feria itinerante M\u00e1gica, y ahora tambi\u00e9n participando de esta gran vidriera que es la Feria del Libro de Buenos Aires\u201d. Y agreg\u00f3: \u201cEs una marca de la gesti\u00f3n del gobernador Rogelio Frigerio y el ministro de Gobierno y Trabajo, Manuel Troncoso: el trabajo conjunto con distintos sectores, con una mirada federal\u201d.&nbsp;<\/p>\n\n\n\n<p>De la programaci\u00f3n se destaca la celebraci\u00f3n del D\u00eda de Entre R\u00edos que se desarrollar\u00e1 el 8 de mayo desde las 16 en la Sala Bioy Casares, con la presentaci\u00f3n de las dos \u00faltimas obras resultantes del Premio Literario Fray Mocho (2022 y 2023):&nbsp;<em>El asombro de los d\u00edas&nbsp;<\/em>de Carla Olivera (poes\u00eda) y&nbsp;<em>Yuch\u00e1n florecido<\/em>&nbsp;de Claudio Puntel (cuento).&nbsp;<\/p>\n\n\n\n<p>La agenda entrerriana completa est\u00e1 disponible en el siguiente&nbsp;<a href=\"https:\/\/docs.google.com\/document\/d\/1kDh4ayRlcl6xv1hUtu8sZwri8QcYK9UM_tZDGYFtXuk\/edit?tab=t.0\" target=\"_blank\" rel=\"noreferrer noopener\">ENLACE<\/a><\/p>\n\n\n\n<p>Para visitar la Feria los horarios son de lunes a viernes de 14 a 22: y s\u00e1bados, domingos y feriados de 13 a 22. El stand de Entre R\u00edos es el n\u00famero 3114 y se encuentra en el pabell\u00f3n OCRE. All\u00ed tambi\u00e9n se puede adquirir y consultar la producci\u00f3n bibliogr\u00e1fica de la Editorial de Entre R\u00edos.&nbsp;<\/p>\n\n\n\n<p><strong>Sobre la Feria<\/strong><\/p>\n\n\n\n<p>Es organizada por la Fundaci\u00f3n El Libro, una entidad sin fines de lucro cuya misi\u00f3n es la promoci\u00f3n del libro y los h\u00e1bitos de la lectura. Realizada por primera vez en 1975, se ha consolidado a trav\u00e9s de los a\u00f1os y hoy en d\u00eda es uno de los eventos culturales m\u00e1s importantes del mundo y la feria del libro m\u00e1s grande de Sudam\u00e9rica. La visitan cada a\u00f1o m\u00e1s de un mill\u00f3n de lectores y m\u00e1s de doce mil profesionales del libro.<\/p>\n","protected":false},"excerpt":{"rendered":"<p>Editoriales de la provincia son parte del stand impulsado por la Secretar\u00eda de Cultura, a trav\u00e9s de la Editorial de Entre R\u00edos. Se presentar\u00e1n m\u00e1s de 30 libros de autores entrerrianos. La actividad para el p\u00fablico comienza este jueves y se extiende hasta el 12 de mayo en el Predio Ferial La Rural de la [&hellip;]<\/p>\n","protected":false},"author":5,"featured_media":13224,"comment_status":"open","ping_status":"open","sticky":false,"template":"","format":"standard","meta":{"_et_pb_use_builder":"off","_et_pb_old_content":"","_et_gb_content_width":"","footnotes":""},"categories":[1,28,6],"tags":[],"class_list":["post-13223","post","type-post","status-publish","format-standard","has-post-thumbnail","hentry","category-destacado","category-noticias","category-editorial-de-entre-rios"],"_links":{"self":[{"href":"https:\/\/www.entrerios.gov.ar\/cultura\/wp-json\/wp\/v2\/posts\/13223","targetHints":{"allow":["GET"]}}],"collection":[{"href":"https:\/\/www.entrerios.gov.ar\/cultura\/wp-json\/wp\/v2\/posts"}],"about":[{"href":"https:\/\/www.entrerios.gov.ar\/cultura\/wp-json\/wp\/v2\/types\/post"}],"author":[{"embeddable":true,"href":"https:\/\/www.entrerios.gov.ar\/cultura\/wp-json\/wp\/v2\/users\/5"}],"replies":[{"embeddable":true,"href":"https:\/\/www.entrerios.gov.ar\/cultura\/wp-json\/wp\/v2\/comments?post=13223"}],"version-history":[{"count":3,"href":"https:\/\/www.entrerios.gov.ar\/cultura\/wp-json\/wp\/v2\/posts\/13223\/revisions"}],"predecessor-version":[{"id":13227,"href":"https:\/\/www.entrerios.gov.ar\/cultura\/wp-json\/wp\/v2\/posts\/13223\/revisions\/13227"}],"wp:featuredmedia":[{"embeddable":true,"href":"https:\/\/www.entrerios.gov.ar\/cultura\/wp-json\/wp\/v2\/media\/13224"}],"wp:attachment":[{"href":"https:\/\/www.entrerios.gov.ar\/cultura\/wp-json\/wp\/v2\/media?parent=13223"}],"wp:term":[{"taxonomy":"category","embeddable":true,"href":"https:\/\/www.entrerios.gov.ar\/cultura\/wp-json\/wp\/v2\/categories?post=13223"},{"taxonomy":"post_tag","embeddable":true,"href":"https:\/\/www.entrerios.gov.ar\/cultura\/wp-json\/wp\/v2\/tags?post=13223"}],"curies":[{"name":"wp","href":"https:\/\/api.w.org\/{rel}","templated":true}]}}