{"id":13228,"date":"2025-04-24T13:57:59","date_gmt":"2025-04-24T13:57:59","guid":{"rendered":"https:\/\/www.entrerios.gov.ar\/cultura\/?p=13228"},"modified":"2025-04-24T13:58:01","modified_gmt":"2025-04-24T13:58:01","slug":"impulsan-una-agenda-de-actividades-para-fortalecer-la-industria-audiovisual-en-la-provincia","status":"publish","type":"post","link":"https:\/\/www.entrerios.gov.ar\/cultura\/impulsan-una-agenda-de-actividades-para-fortalecer-la-industria-audiovisual-en-la-provincia\/","title":{"rendered":"Impulsan una agenda de actividades para fortalecer la industria audiovisual en la provincia"},"content":{"rendered":"\n<p>El Consejo Asesor del Instituto Aut\u00e1rquico Audiovisual de Entre R\u00edos (IAAER) realiz\u00f3 una nueva reuni\u00f3n. El organismo depende de la Secretar\u00eda de Cultura, del Ministerio de Gobierno y Trabajo de Entre R\u00edos. En el encuentro se aprob\u00f3 el Plan Anual 2025 donde se dan curso a proyectos estrat\u00e9gicos para este a\u00f1o.<\/p>\n\n\n\n<p>D\u00edas atr\u00e1s se concret\u00f3 un nuevo encuentro del Consejo Asesor del IAAER, conformado por Maximiliano Schonfeld, presidente del Instituto; junto a Gast\u00f3n Calivari, Guillermo Berger, Heber Schaff, Florencia Curi y Agust\u00edn de Torres, quienes son los elegidos por la comunidad realizadora de Entre R\u00edos.&nbsp;&nbsp;<\/p>\n\n\n\n<p>El Consejo es una instancia consultiva que posee como prop\u00f3sito la formulaci\u00f3n y aprobaci\u00f3n de planes anuales de fomento, y el asesoramiento sobre la implementaci\u00f3n de la Ley Provincial N\u00ba10.937 de Fomento a la Producci\u00f3n Audiovisual, en lo que respecta a: la participaci\u00f3n en el control de los beneficios otorgados por la misma; y la selecci\u00f3n de jurados para las convocatorias de proyectos audiovisuales de la provincia.<\/p>\n\n\n\n<p>El Plan Anual 2025 contempla, entre otros puntos, que el IAAER ejecutar\u00e1 diversas l\u00edneas de fomento propuestas por el Consejo Asesor, con el objetivo de apoyar la producci\u00f3n y difusi\u00f3n del cine local. Estas acciones estar\u00e1n orientadas a la capacitaci\u00f3n, la creaci\u00f3n de nuevas obras y el fortalecimiento de la industria audiovisual en Entre R\u00edos.<\/p>\n\n\n\n<p>Entre las iniciativas m\u00e1s relevantes se destacan la inauguraci\u00f3n del espacio de la Cinemateca de Entre R\u00edos, el programa Escuela de Cine Itinerante, el festival Temporada de Rescate (enfocado en la recuperaci\u00f3n de archivos cinematogr\u00e1ficos de la provincia), el programa de Residencia para Proyectos Audiovisuales; la continuidad del programa Cine en las Escuelas y el ciclo de Cineclub IAAER. El documento trabajado por el Consejo adem\u00e1s confirma la realizaci\u00f3n de la s\u00e9ptima edici\u00f3n del Festival Internacional de Cine de Entre R\u00edos (FICER) 2025.<\/p>\n\n\n\n<p><strong>(Prensa IAAER)&nbsp;&nbsp;&nbsp;&nbsp;&nbsp;&nbsp;&nbsp;&nbsp;&nbsp;&nbsp;&nbsp;&nbsp;&nbsp;&nbsp;&nbsp;&nbsp;&nbsp;&nbsp;&nbsp;&nbsp;&nbsp;&nbsp;&nbsp;&nbsp;&nbsp;&nbsp;<\/strong><\/p>\n","protected":false},"excerpt":{"rendered":"<p>El Consejo Asesor del Instituto Aut\u00e1rquico Audiovisual de Entre R\u00edos (IAAER) realiz\u00f3 una nueva reuni\u00f3n. El organismo depende de la Secretar\u00eda de Cultura, del Ministerio de Gobierno y Trabajo de Entre R\u00edos. En el encuentro se aprob\u00f3 el Plan Anual 2025 donde se dan curso a proyectos estrat\u00e9gicos para este a\u00f1o. D\u00edas atr\u00e1s se concret\u00f3 [&hellip;]<\/p>\n","protected":false},"author":5,"featured_media":13229,"comment_status":"open","ping_status":"open","sticky":false,"template":"","format":"standard","meta":{"_et_pb_use_builder":"off","_et_pb_old_content":"","_et_gb_content_width":"","footnotes":""},"categories":[1,28,4],"tags":[],"class_list":["post-13228","post","type-post","status-publish","format-standard","has-post-thumbnail","hentry","category-destacado","category-noticias","category-iaaer"],"_links":{"self":[{"href":"https:\/\/www.entrerios.gov.ar\/cultura\/wp-json\/wp\/v2\/posts\/13228","targetHints":{"allow":["GET"]}}],"collection":[{"href":"https:\/\/www.entrerios.gov.ar\/cultura\/wp-json\/wp\/v2\/posts"}],"about":[{"href":"https:\/\/www.entrerios.gov.ar\/cultura\/wp-json\/wp\/v2\/types\/post"}],"author":[{"embeddable":true,"href":"https:\/\/www.entrerios.gov.ar\/cultura\/wp-json\/wp\/v2\/users\/5"}],"replies":[{"embeddable":true,"href":"https:\/\/www.entrerios.gov.ar\/cultura\/wp-json\/wp\/v2\/comments?post=13228"}],"version-history":[{"count":1,"href":"https:\/\/www.entrerios.gov.ar\/cultura\/wp-json\/wp\/v2\/posts\/13228\/revisions"}],"predecessor-version":[{"id":13230,"href":"https:\/\/www.entrerios.gov.ar\/cultura\/wp-json\/wp\/v2\/posts\/13228\/revisions\/13230"}],"wp:featuredmedia":[{"embeddable":true,"href":"https:\/\/www.entrerios.gov.ar\/cultura\/wp-json\/wp\/v2\/media\/13229"}],"wp:attachment":[{"href":"https:\/\/www.entrerios.gov.ar\/cultura\/wp-json\/wp\/v2\/media?parent=13228"}],"wp:term":[{"taxonomy":"category","embeddable":true,"href":"https:\/\/www.entrerios.gov.ar\/cultura\/wp-json\/wp\/v2\/categories?post=13228"},{"taxonomy":"post_tag","embeddable":true,"href":"https:\/\/www.entrerios.gov.ar\/cultura\/wp-json\/wp\/v2\/tags?post=13228"}],"curies":[{"name":"wp","href":"https:\/\/api.w.org\/{rel}","templated":true}]}}