{"id":13240,"date":"2025-04-27T22:04:59","date_gmt":"2025-04-27T22:04:59","guid":{"rendered":"https:\/\/www.entrerios.gov.ar\/cultura\/?p=13240"},"modified":"2025-04-27T22:05:01","modified_gmt":"2025-04-27T22:05:01","slug":"fogon-entrerriano-fue-una-fiesta-de-identidad-musica-y-encuentro-en-diamante","status":"publish","type":"post","link":"https:\/\/www.entrerios.gov.ar\/cultura\/fogon-entrerriano-fue-una-fiesta-de-identidad-musica-y-encuentro-en-diamante\/","title":{"rendered":"Fog\u00f3n Entrerriano fue una fiesta de identidad, m\u00fasica y encuentro en Diamante"},"content":{"rendered":"\n<p>El evento se realiz\u00f3 el viernes pasado en el Centro Cultural \u201cLa Barranca\u201d (ex Mercado Municipal). Estuvo organizado por la Secretar\u00eda de Cultura de Entre R\u00edos y el Municipio local. Se presentaron en vivo: Anal\u00eda Bosque, Diamantinos, Son 3 Folclore y Timb\u00faes.<\/p>\n\n\n\n<p>El secretario de Cultura de Entre R\u00edos, Juli\u00e1n Stoppello, remarc\u00f3: \u201cEl rumbo de gesti\u00f3n que marcan el gobernador Rogelio Frigerio y el ministro de Gobierno y Trabajo, Manuel Troncoso, es federalizar la cultura. Por eso todos los programas que estamos desarrollando van en esa direcci\u00f3n, colaborando con los municipios y los espacios culturales de distintas localidades\u201d.<\/p>\n\n\n\n<figure class=\"wp-block-image\"><img loading=\"lazy\" decoding=\"async\" width=\"1600\" height=\"1067\" src=\"https:\/\/www.entrerios.gov.ar\/cultura\/wp-content\/uploads\/2025\/04\/AD_4nXdx7NBpRtnCWsjLUOEfr1LGEU3cEdtMDhTum3wbAWDtS2QBEwa7SkNKDOuxx8-x-VX1qsIoRUnFn3Gv-cp5d-olo_IfiDXlgotYsF9-lWy1hzGriDG3fCs3YnoPrxwuPdgfrXsW.jpg\" alt=\"\" class=\"wp-image-13243\" srcset=\"https:\/\/www.entrerios.gov.ar\/cultura\/wp-content\/uploads\/2025\/04\/AD_4nXdx7NBpRtnCWsjLUOEfr1LGEU3cEdtMDhTum3wbAWDtS2QBEwa7SkNKDOuxx8-x-VX1qsIoRUnFn3Gv-cp5d-olo_IfiDXlgotYsF9-lWy1hzGriDG3fCs3YnoPrxwuPdgfrXsW.jpg 1600w, https:\/\/www.entrerios.gov.ar\/cultura\/wp-content\/uploads\/2025\/04\/AD_4nXdx7NBpRtnCWsjLUOEfr1LGEU3cEdtMDhTum3wbAWDtS2QBEwa7SkNKDOuxx8-x-VX1qsIoRUnFn3Gv-cp5d-olo_IfiDXlgotYsF9-lWy1hzGriDG3fCs3YnoPrxwuPdgfrXsW-1280x854.jpg 1280w, https:\/\/www.entrerios.gov.ar\/cultura\/wp-content\/uploads\/2025\/04\/AD_4nXdx7NBpRtnCWsjLUOEfr1LGEU3cEdtMDhTum3wbAWDtS2QBEwa7SkNKDOuxx8-x-VX1qsIoRUnFn3Gv-cp5d-olo_IfiDXlgotYsF9-lWy1hzGriDG3fCs3YnoPrxwuPdgfrXsW-980x654.jpg 980w, https:\/\/www.entrerios.gov.ar\/cultura\/wp-content\/uploads\/2025\/04\/AD_4nXdx7NBpRtnCWsjLUOEfr1LGEU3cEdtMDhTum3wbAWDtS2QBEwa7SkNKDOuxx8-x-VX1qsIoRUnFn3Gv-cp5d-olo_IfiDXlgotYsF9-lWy1hzGriDG3fCs3YnoPrxwuPdgfrXsW-480x320.jpg 480w\" sizes=\"auto, (min-width: 0px) and (max-width: 480px) 480px, (min-width: 481px) and (max-width: 980px) 980px, (min-width: 981px) and (max-width: 1280px) 1280px, (min-width: 1281px) 1600px, 100vw\" \/><\/figure>\n\n\n\n<p>El director de Cultura de Diamante, Juan Pablo Mart\u00ednez, se\u00f1al\u00f3 la \u201cimportancia\u201d de Fog\u00f3n Entrerriano como una \u201capuesta federal a la m\u00fasica que permite fortalecer nuestra identidad y descubrir nuevos artistas en toda la provincia\u201d.<\/p>\n\n\n\n<p>Fog\u00f3n Entrerriano es una propuesta itinerante que se replica en distintas localidades de la provincia y propone un encuentro con la m\u00fasica de la regi\u00f3n. Integra un grupo de ciclos impulsados por la Secretar\u00eda de Cultura de Entre R\u00edos dentro del programa anual CUAC! (Cultura Activa).<\/p>\n\n\n\n<figure class=\"wp-block-image\"><img loading=\"lazy\" decoding=\"async\" width=\"1600\" height=\"1067\" src=\"https:\/\/www.entrerios.gov.ar\/cultura\/wp-content\/uploads\/2025\/04\/AD_4nXcmNSyCYcKr5GiytCFeMmayChO_l3hSyMLhgqjVs67jktfFlejKPGWeJ53-REN8vSAU1pJTdZfmLZ0gMppF65ZUXDG8gaJhFFZpMfSquBKGN_BiOHj_MlMT06y9XS1pSpxPBhIRyA.jpg\" alt=\"\" class=\"wp-image-13242\" srcset=\"https:\/\/www.entrerios.gov.ar\/cultura\/wp-content\/uploads\/2025\/04\/AD_4nXcmNSyCYcKr5GiytCFeMmayChO_l3hSyMLhgqjVs67jktfFlejKPGWeJ53-REN8vSAU1pJTdZfmLZ0gMppF65ZUXDG8gaJhFFZpMfSquBKGN_BiOHj_MlMT06y9XS1pSpxPBhIRyA.jpg 1600w, https:\/\/www.entrerios.gov.ar\/cultura\/wp-content\/uploads\/2025\/04\/AD_4nXcmNSyCYcKr5GiytCFeMmayChO_l3hSyMLhgqjVs67jktfFlejKPGWeJ53-REN8vSAU1pJTdZfmLZ0gMppF65ZUXDG8gaJhFFZpMfSquBKGN_BiOHj_MlMT06y9XS1pSpxPBhIRyA-1280x854.jpg 1280w, https:\/\/www.entrerios.gov.ar\/cultura\/wp-content\/uploads\/2025\/04\/AD_4nXcmNSyCYcKr5GiytCFeMmayChO_l3hSyMLhgqjVs67jktfFlejKPGWeJ53-REN8vSAU1pJTdZfmLZ0gMppF65ZUXDG8gaJhFFZpMfSquBKGN_BiOHj_MlMT06y9XS1pSpxPBhIRyA-980x654.jpg 980w, https:\/\/www.entrerios.gov.ar\/cultura\/wp-content\/uploads\/2025\/04\/AD_4nXcmNSyCYcKr5GiytCFeMmayChO_l3hSyMLhgqjVs67jktfFlejKPGWeJ53-REN8vSAU1pJTdZfmLZ0gMppF65ZUXDG8gaJhFFZpMfSquBKGN_BiOHj_MlMT06y9XS1pSpxPBhIRyA-480x320.jpg 480w\" sizes=\"auto, (min-width: 0px) and (max-width: 480px) 480px, (min-width: 481px) and (max-width: 980px) 980px, (min-width: 981px) and (max-width: 1280px) 1280px, (min-width: 1281px) 1600px, 100vw\" \/><\/figure>\n","protected":false},"excerpt":{"rendered":"<p>El evento se realiz\u00f3 el viernes pasado en el Centro Cultural \u201cLa Barranca\u201d (ex Mercado Municipal). Estuvo organizado por la Secretar\u00eda de Cultura de Entre R\u00edos y el Municipio local. Se presentaron en vivo: Anal\u00eda Bosque, Diamantinos, Son 3 Folclore y Timb\u00faes. El secretario de Cultura de Entre R\u00edos, Juli\u00e1n Stoppello, remarc\u00f3: \u201cEl rumbo de [&hellip;]<\/p>\n","protected":false},"author":5,"featured_media":13241,"comment_status":"open","ping_status":"open","sticky":false,"template":"","format":"standard","meta":{"_et_pb_use_builder":"off","_et_pb_old_content":"","_et_gb_content_width":"","footnotes":""},"categories":[1,28],"tags":[],"class_list":["post-13240","post","type-post","status-publish","format-standard","has-post-thumbnail","hentry","category-destacado","category-noticias"],"_links":{"self":[{"href":"https:\/\/www.entrerios.gov.ar\/cultura\/wp-json\/wp\/v2\/posts\/13240","targetHints":{"allow":["GET"]}}],"collection":[{"href":"https:\/\/www.entrerios.gov.ar\/cultura\/wp-json\/wp\/v2\/posts"}],"about":[{"href":"https:\/\/www.entrerios.gov.ar\/cultura\/wp-json\/wp\/v2\/types\/post"}],"author":[{"embeddable":true,"href":"https:\/\/www.entrerios.gov.ar\/cultura\/wp-json\/wp\/v2\/users\/5"}],"replies":[{"embeddable":true,"href":"https:\/\/www.entrerios.gov.ar\/cultura\/wp-json\/wp\/v2\/comments?post=13240"}],"version-history":[{"count":1,"href":"https:\/\/www.entrerios.gov.ar\/cultura\/wp-json\/wp\/v2\/posts\/13240\/revisions"}],"predecessor-version":[{"id":13244,"href":"https:\/\/www.entrerios.gov.ar\/cultura\/wp-json\/wp\/v2\/posts\/13240\/revisions\/13244"}],"wp:featuredmedia":[{"embeddable":true,"href":"https:\/\/www.entrerios.gov.ar\/cultura\/wp-json\/wp\/v2\/media\/13241"}],"wp:attachment":[{"href":"https:\/\/www.entrerios.gov.ar\/cultura\/wp-json\/wp\/v2\/media?parent=13240"}],"wp:term":[{"taxonomy":"category","embeddable":true,"href":"https:\/\/www.entrerios.gov.ar\/cultura\/wp-json\/wp\/v2\/categories?post=13240"},{"taxonomy":"post_tag","embeddable":true,"href":"https:\/\/www.entrerios.gov.ar\/cultura\/wp-json\/wp\/v2\/tags?post=13240"}],"curies":[{"name":"wp","href":"https:\/\/api.w.org\/{rel}","templated":true}]}}