{"id":13270,"date":"2025-04-28T13:20:12","date_gmt":"2025-04-28T13:20:12","guid":{"rendered":"https:\/\/www.entrerios.gov.ar\/cultura\/?p=13270"},"modified":"2025-04-28T13:20:13","modified_gmt":"2025-04-28T13:20:13","slug":"el-ciclo-un-domingo-de-teatro-llega-a-rosario-del-tala","status":"publish","type":"post","link":"https:\/\/www.entrerios.gov.ar\/cultura\/el-ciclo-un-domingo-de-teatro-llega-a-rosario-del-tala\/","title":{"rendered":"El ciclo Un Domingo de Teatro llega a Rosario del Tala\u00a0"},"content":{"rendered":"\n<p>Ser\u00e1 este domingo 4 de mayo a las 20, en la Sala de Teatro M\u00f3nica Pesse, ubicada en el Centro Cultural Atahualpa Yupanqui (Centenario 66). La entrada es libre y gratuita. Organiza la Secretar\u00eda de Cultura de Entre R\u00edos junto al municipio local.&nbsp;<\/p>\n\n\n\n<p>Rosario del Tala se prepara para recibir este domingo la comedia <strong><em>Dos mujeres guerreras<\/em><\/strong><strong> <\/strong>con dramaturgia de Carlos Cazila. La obra cuenta con las actuaciones y direcci\u00f3n de Marife Franco y Mona Gastiasoro. La asistencia de direcci\u00f3n y la operaci\u00f3n t\u00e9cnica est\u00e1 a cargo de Mar\u00eda Pozo Gastiasoro; mientras que la realizaci\u00f3n integral es del Grupo Teatral Independiente ARRA y Las Yotivenco. La obra fue estrenada en enero de este a\u00f1o en Concepci\u00f3n del Uruguay.&nbsp;<\/p>\n\n\n\n<p>Seg\u00fan la sinopsis, la obra es una oportunidad para reflexionar a partir del humor. Ilse y Atila, son dos hermanas que descubren las posibilidades que actualmente ofrecen las redes sociales y las aplicaciones. <em>\u201cLa crianza, los mandatos, y los consecuentes pruritos se opondr\u00e1n a las ganas de probar nuevas cosas. Este descubrimiento desata una sucesi\u00f3n de situaciones que los divertir\u00e1\u201d, <\/em>explican en el texto.<\/p>\n\n\n\n<p>El ciclo Un Domingo de Teatro se enmarca en el programa anual CUAC! (Cultura Activa) que la Secretar\u00eda de Cultura de Entre R\u00edos, dependiente del Ministerio de Gobierno y Trabajo, desarrolla en toda la provincia con una impronta federal.<\/p>\n","protected":false},"excerpt":{"rendered":"<p>Ser\u00e1 este domingo 4 de mayo a las 20, en la Sala de Teatro M\u00f3nica Pesse, ubicada en el Centro Cultural Atahualpa Yupanqui (Centenario 66). La entrada es libre y gratuita. Organiza la Secretar\u00eda de Cultura de Entre R\u00edos junto al municipio local.&nbsp; Rosario del Tala se prepara para recibir este domingo la comedia Dos [&hellip;]<\/p>\n","protected":false},"author":5,"featured_media":13271,"comment_status":"open","ping_status":"open","sticky":false,"template":"","format":"standard","meta":{"_et_pb_use_builder":"off","_et_pb_old_content":"","_et_gb_content_width":"","footnotes":""},"categories":[1,28],"tags":[],"class_list":["post-13270","post","type-post","status-publish","format-standard","has-post-thumbnail","hentry","category-destacado","category-noticias"],"_links":{"self":[{"href":"https:\/\/www.entrerios.gov.ar\/cultura\/wp-json\/wp\/v2\/posts\/13270","targetHints":{"allow":["GET"]}}],"collection":[{"href":"https:\/\/www.entrerios.gov.ar\/cultura\/wp-json\/wp\/v2\/posts"}],"about":[{"href":"https:\/\/www.entrerios.gov.ar\/cultura\/wp-json\/wp\/v2\/types\/post"}],"author":[{"embeddable":true,"href":"https:\/\/www.entrerios.gov.ar\/cultura\/wp-json\/wp\/v2\/users\/5"}],"replies":[{"embeddable":true,"href":"https:\/\/www.entrerios.gov.ar\/cultura\/wp-json\/wp\/v2\/comments?post=13270"}],"version-history":[{"count":1,"href":"https:\/\/www.entrerios.gov.ar\/cultura\/wp-json\/wp\/v2\/posts\/13270\/revisions"}],"predecessor-version":[{"id":13272,"href":"https:\/\/www.entrerios.gov.ar\/cultura\/wp-json\/wp\/v2\/posts\/13270\/revisions\/13272"}],"wp:featuredmedia":[{"embeddable":true,"href":"https:\/\/www.entrerios.gov.ar\/cultura\/wp-json\/wp\/v2\/media\/13271"}],"wp:attachment":[{"href":"https:\/\/www.entrerios.gov.ar\/cultura\/wp-json\/wp\/v2\/media?parent=13270"}],"wp:term":[{"taxonomy":"category","embeddable":true,"href":"https:\/\/www.entrerios.gov.ar\/cultura\/wp-json\/wp\/v2\/categories?post=13270"},{"taxonomy":"post_tag","embeddable":true,"href":"https:\/\/www.entrerios.gov.ar\/cultura\/wp-json\/wp\/v2\/tags?post=13270"}],"curies":[{"name":"wp","href":"https:\/\/api.w.org\/{rel}","templated":true}]}}