{"id":13275,"date":"2025-04-28T14:51:48","date_gmt":"2025-04-28T14:51:48","guid":{"rendered":"https:\/\/www.entrerios.gov.ar\/cultura\/?p=13275"},"modified":"2025-04-28T14:51:49","modified_gmt":"2025-04-28T14:51:49","slug":"piano-adentro-tuvo-una-jornada-especial-en-concepcion-del-uruguay","status":"publish","type":"post","link":"https:\/\/www.entrerios.gov.ar\/cultura\/piano-adentro-tuvo-una-jornada-especial-en-concepcion-del-uruguay\/","title":{"rendered":"Piano Adentro tuvo una jornada especial en Concepci\u00f3n del Uruguay"},"content":{"rendered":"\n<p>Fue este s\u00e1bado en la Escuela de M\u00fasica \u201cCelia Torr\u00e1\u201d. Hubo un concierto did\u00e1ctico m\u00e1s un documental y dos recitales con invitados. El evento cont\u00f3 con el apoyo de la Secretar\u00eda de Cultura de Entre R\u00edos, la Municipalidad local y la Universidad Aut\u00f3noma de Entre R\u00edos (UADER).<\/p>\n\n\n\n<p>\u201cPiano Adentro, solistas litorale\u00f1os\u201d est\u00e1 integrado por Kevin Mernez (Nogoy\u00e1 \u2013 C. del Uruguay); Aline Soto (Villa Libertador San Mart\u00edn \u2013 Paran\u00e1); Lucio Salisky (Rosario del Tala); y Silvia Teijeira (Federal-Paran\u00e1). Cuatro m\u00fasicos de diferentes localidades entrerrianas que recorren la provincia con un repertorio de chamam\u00e9s, candombes, canciones litorale\u00f1as, tango, zambas, chacareras y otras m\u00fasicas populares de la regi\u00f3n y el pa\u00eds.<\/p>\n\n\n\n<p>La programaci\u00f3n para Concepci\u00f3n del Uruguay incluy\u00f3 un documental y concierto did\u00e1ctico; y recitales con los m\u00fasicos invitados Macarena G\u00f3mez Delgado (voz), Facundo Torres\u00e1n (acorde\u00f3n), Julia Barbiero (voz) y Sebasti\u00e1n Mart\u00ednez (percusi\u00f3n).<\/p>\n","protected":false},"excerpt":{"rendered":"<p>Fue este s\u00e1bado en la Escuela de M\u00fasica \u201cCelia Torr\u00e1\u201d. Hubo un concierto did\u00e1ctico m\u00e1s un documental y dos recitales con invitados. El evento cont\u00f3 con el apoyo de la Secretar\u00eda de Cultura de Entre R\u00edos, la Municipalidad local y la Universidad Aut\u00f3noma de Entre R\u00edos (UADER). \u201cPiano Adentro, solistas litorale\u00f1os\u201d est\u00e1 integrado por Kevin [&hellip;]<\/p>\n","protected":false},"author":5,"featured_media":13276,"comment_status":"open","ping_status":"open","sticky":false,"template":"","format":"standard","meta":{"_et_pb_use_builder":"off","_et_pb_old_content":"","_et_gb_content_width":"","footnotes":""},"categories":[1,28],"tags":[],"class_list":["post-13275","post","type-post","status-publish","format-standard","has-post-thumbnail","hentry","category-destacado","category-noticias"],"_links":{"self":[{"href":"https:\/\/www.entrerios.gov.ar\/cultura\/wp-json\/wp\/v2\/posts\/13275","targetHints":{"allow":["GET"]}}],"collection":[{"href":"https:\/\/www.entrerios.gov.ar\/cultura\/wp-json\/wp\/v2\/posts"}],"about":[{"href":"https:\/\/www.entrerios.gov.ar\/cultura\/wp-json\/wp\/v2\/types\/post"}],"author":[{"embeddable":true,"href":"https:\/\/www.entrerios.gov.ar\/cultura\/wp-json\/wp\/v2\/users\/5"}],"replies":[{"embeddable":true,"href":"https:\/\/www.entrerios.gov.ar\/cultura\/wp-json\/wp\/v2\/comments?post=13275"}],"version-history":[{"count":1,"href":"https:\/\/www.entrerios.gov.ar\/cultura\/wp-json\/wp\/v2\/posts\/13275\/revisions"}],"predecessor-version":[{"id":13277,"href":"https:\/\/www.entrerios.gov.ar\/cultura\/wp-json\/wp\/v2\/posts\/13275\/revisions\/13277"}],"wp:featuredmedia":[{"embeddable":true,"href":"https:\/\/www.entrerios.gov.ar\/cultura\/wp-json\/wp\/v2\/media\/13276"}],"wp:attachment":[{"href":"https:\/\/www.entrerios.gov.ar\/cultura\/wp-json\/wp\/v2\/media?parent=13275"}],"wp:term":[{"taxonomy":"category","embeddable":true,"href":"https:\/\/www.entrerios.gov.ar\/cultura\/wp-json\/wp\/v2\/categories?post=13275"},{"taxonomy":"post_tag","embeddable":true,"href":"https:\/\/www.entrerios.gov.ar\/cultura\/wp-json\/wp\/v2\/tags?post=13275"}],"curies":[{"name":"wp","href":"https:\/\/api.w.org\/{rel}","templated":true}]}}