{"id":13279,"date":"2025-04-28T20:13:50","date_gmt":"2025-04-28T20:13:50","guid":{"rendered":"https:\/\/www.entrerios.gov.ar\/cultura\/?p=13279"},"modified":"2025-04-28T20:17:14","modified_gmt":"2025-04-28T20:17:14","slug":"el-gobierno-provincial-invita-a-celebrar-el-dia-del-trabajador-con-feria-historia-y-musica-en-vivo","status":"publish","type":"post","link":"https:\/\/www.entrerios.gov.ar\/cultura\/el-gobierno-provincial-invita-a-celebrar-el-dia-del-trabajador-con-feria-historia-y-musica-en-vivo\/","title":{"rendered":"El Gobierno provincial invita a celebrar el D\u00eda del Trabajador con feria, historia y m\u00fasica en vivo"},"content":{"rendered":"\n<p>El Ministerio de Gobierno y Trabajo invita a celebrar el D\u00eda del Trabajador este jueves 1\u00b0 de mayo en la explanada de la Casa de Gobierno, lado Plaza Carb\u00f3. Desde el mediod\u00eda habr\u00e1 feria de artesanos y emprendedores, actividades en el museo de Casa de Gobierno y el cierre con m\u00fasica en vivo.<\/p>\n\n\n\n<p>A partir de las 16 se podr\u00e1 visitar una muestra de elementos antiguos de trabajo y fotograf\u00edas en el Museo de Casa de Gobierno, en donde luego se realizar\u00e1n dos charlas abiertas. A las 16.30, &#8220;Historia del movimiento sindical&#8221;, con Daniel Ruberto del Sindicato de Empleados de Comercio (SEC) y Luciana Benetti de la Uni\u00f3n de Trabajadores Hoteleros y Gastron\u00f3micos de la Rep\u00fablica Argentina (Uthgra). A las 17.30 ser\u00e1 el turno dfe &#8220;Trabajo en el Siglo XXI: Plataformas digitales e IA&#8221;, a cargo del secretario de Trabajo, Mariano Camoirano y el abogado Enzo Cabrera.<\/p>\n\n\n\n<p>Desde las 12 habr\u00e1 feria de emprendedores, artesanas y artesanos, junto al Museo Mercado de Artesan\u00edas y el programa Manos Entrerrianas, mientras que a las 18 comenzar\u00e1 la m\u00fasica en vivo con Pasionarias, Litoral Mit\u00e1 y Te traigo un son. Puestos gastron\u00f3micos acompa\u00f1ar\u00e1n la jornada con distintas propuestas.<\/p>\n\n\n\n<p>Se invita a toda la comunidad a participar. La entrada es libre y gratuita.<\/p>\n","protected":false},"excerpt":{"rendered":"<p>El Ministerio de Gobierno y Trabajo invita a celebrar el D\u00eda del Trabajador este jueves 1\u00b0 de mayo en la explanada de la Casa de Gobierno, lado Plaza Carb\u00f3. Desde el mediod\u00eda habr\u00e1 feria de artesanos y emprendedores, actividades en el museo de Casa de Gobierno y el cierre con m\u00fasica en vivo. A partir [&hellip;]<\/p>\n","protected":false},"author":5,"featured_media":13278,"comment_status":"open","ping_status":"open","sticky":false,"template":"","format":"standard","meta":{"_et_pb_use_builder":"","_et_pb_old_content":"","_et_gb_content_width":"","footnotes":""},"categories":[1,28],"tags":[],"class_list":["post-13279","post","type-post","status-publish","format-standard","has-post-thumbnail","hentry","category-destacado","category-noticias"],"_links":{"self":[{"href":"https:\/\/www.entrerios.gov.ar\/cultura\/wp-json\/wp\/v2\/posts\/13279","targetHints":{"allow":["GET"]}}],"collection":[{"href":"https:\/\/www.entrerios.gov.ar\/cultura\/wp-json\/wp\/v2\/posts"}],"about":[{"href":"https:\/\/www.entrerios.gov.ar\/cultura\/wp-json\/wp\/v2\/types\/post"}],"author":[{"embeddable":true,"href":"https:\/\/www.entrerios.gov.ar\/cultura\/wp-json\/wp\/v2\/users\/5"}],"replies":[{"embeddable":true,"href":"https:\/\/www.entrerios.gov.ar\/cultura\/wp-json\/wp\/v2\/comments?post=13279"}],"version-history":[{"count":1,"href":"https:\/\/www.entrerios.gov.ar\/cultura\/wp-json\/wp\/v2\/posts\/13279\/revisions"}],"predecessor-version":[{"id":13280,"href":"https:\/\/www.entrerios.gov.ar\/cultura\/wp-json\/wp\/v2\/posts\/13279\/revisions\/13280"}],"wp:featuredmedia":[{"embeddable":true,"href":"https:\/\/www.entrerios.gov.ar\/cultura\/wp-json\/wp\/v2\/media\/13278"}],"wp:attachment":[{"href":"https:\/\/www.entrerios.gov.ar\/cultura\/wp-json\/wp\/v2\/media?parent=13279"}],"wp:term":[{"taxonomy":"category","embeddable":true,"href":"https:\/\/www.entrerios.gov.ar\/cultura\/wp-json\/wp\/v2\/categories?post=13279"},{"taxonomy":"post_tag","embeddable":true,"href":"https:\/\/www.entrerios.gov.ar\/cultura\/wp-json\/wp\/v2\/tags?post=13279"}],"curies":[{"name":"wp","href":"https:\/\/api.w.org\/{rel}","templated":true}]}}