{"id":13284,"date":"2025-04-29T13:00:00","date_gmt":"2025-04-29T13:00:00","guid":{"rendered":"https:\/\/www.entrerios.gov.ar\/cultura\/?p=13284"},"modified":"2025-04-29T12:00:56","modified_gmt":"2025-04-29T12:00:56","slug":"el-ciclo-un-domingo-de-teatro-deleito-al-publico-en-gualeguaychu","status":"publish","type":"post","link":"https:\/\/www.entrerios.gov.ar\/cultura\/el-ciclo-un-domingo-de-teatro-deleito-al-publico-en-gualeguaychu\/","title":{"rendered":"El ciclo Un Domingo de Teatro deleit\u00f3 al p\u00fablico en Gualeguaych\u00fa"},"content":{"rendered":"\n<p>Con entrada libre y gratuita se present\u00f3 la obra&nbsp;<em>Que hablen otras partes de m\u00ed<\/em>, de Gast\u00f3n D\u00edaz, con puesta del grupo Salida de Emergencia (Gualeguay). La producci\u00f3n fue aplaudida por unas 170 personas en el Teatro Gualeguaych\u00fa. El ciclo es impulsado por la Secretar\u00eda de Cultura de Entre R\u00edos.&nbsp;<\/p>\n\n\n\n<p>Luis Castillo, subsecretario de Cultura, Deportes y Juventud de Gualeguaych\u00fa, se refiri\u00f3 a la actividad: \u201cFue un espect\u00e1culo de jerarqu\u00eda, con grandes actuaciones y una obra que conmueve. Hubo un muy buen marco de p\u00fablico que acompa\u00f1\u00f3 la propuesta&#8221;.&nbsp;<\/p>\n\n\n\n<p>\u201cFue una muy linda funci\u00f3n, con un p\u00fablico emocionado y agradecido&#8221;, expres\u00f3 Alejandra Sportuno, administradora de la sala.<\/p>\n\n\n\n<p>Un Domingo de Teatro ofrece diversas producciones con una impronta federal y es parte del programa anual CUAC! (Cultura Activa), que la Secretar\u00eda de Cultura de Entre R\u00edos desarrolla en toda la provincia. La funci\u00f3n tuvo el apoyo de las municipalidades de Gualeguaych\u00fa y Gualeguay.&nbsp;<\/p>\n\n\n\n<p><em>Foto de registro: Ferm\u00edn Amado<\/em><\/p>\n","protected":false},"excerpt":{"rendered":"<p>Con entrada libre y gratuita se present\u00f3 la obra&nbsp;Que hablen otras partes de m\u00ed, de Gast\u00f3n D\u00edaz, con puesta del grupo Salida de Emergencia (Gualeguay). La producci\u00f3n fue aplaudida por unas 170 personas en el Teatro Gualeguaych\u00fa. El ciclo es impulsado por la Secretar\u00eda de Cultura de Entre R\u00edos.&nbsp; Luis Castillo, subsecretario de Cultura, Deportes [&hellip;]<\/p>\n","protected":false},"author":5,"featured_media":13285,"comment_status":"open","ping_status":"open","sticky":false,"template":"","format":"standard","meta":{"_et_pb_use_builder":"off","_et_pb_old_content":"","_et_gb_content_width":"","footnotes":""},"categories":[1,28],"tags":[],"class_list":["post-13284","post","type-post","status-publish","format-standard","has-post-thumbnail","hentry","category-destacado","category-noticias"],"_links":{"self":[{"href":"https:\/\/www.entrerios.gov.ar\/cultura\/wp-json\/wp\/v2\/posts\/13284","targetHints":{"allow":["GET"]}}],"collection":[{"href":"https:\/\/www.entrerios.gov.ar\/cultura\/wp-json\/wp\/v2\/posts"}],"about":[{"href":"https:\/\/www.entrerios.gov.ar\/cultura\/wp-json\/wp\/v2\/types\/post"}],"author":[{"embeddable":true,"href":"https:\/\/www.entrerios.gov.ar\/cultura\/wp-json\/wp\/v2\/users\/5"}],"replies":[{"embeddable":true,"href":"https:\/\/www.entrerios.gov.ar\/cultura\/wp-json\/wp\/v2\/comments?post=13284"}],"version-history":[{"count":1,"href":"https:\/\/www.entrerios.gov.ar\/cultura\/wp-json\/wp\/v2\/posts\/13284\/revisions"}],"predecessor-version":[{"id":13286,"href":"https:\/\/www.entrerios.gov.ar\/cultura\/wp-json\/wp\/v2\/posts\/13284\/revisions\/13286"}],"wp:featuredmedia":[{"embeddable":true,"href":"https:\/\/www.entrerios.gov.ar\/cultura\/wp-json\/wp\/v2\/media\/13285"}],"wp:attachment":[{"href":"https:\/\/www.entrerios.gov.ar\/cultura\/wp-json\/wp\/v2\/media?parent=13284"}],"wp:term":[{"taxonomy":"category","embeddable":true,"href":"https:\/\/www.entrerios.gov.ar\/cultura\/wp-json\/wp\/v2\/categories?post=13284"},{"taxonomy":"post_tag","embeddable":true,"href":"https:\/\/www.entrerios.gov.ar\/cultura\/wp-json\/wp\/v2\/tags?post=13284"}],"curies":[{"name":"wp","href":"https:\/\/api.w.org\/{rel}","templated":true}]}}