{"id":13328,"date":"2025-05-01T11:57:00","date_gmt":"2025-05-01T11:57:00","guid":{"rendered":"https:\/\/www.entrerios.gov.ar\/cultura\/?p=13328"},"modified":"2025-04-30T14:57:56","modified_gmt":"2025-04-30T14:57:56","slug":"la-biblioteca-provincial-realizo-lecturas-de-autores-entrerrianos-en-gualeguaychu","status":"publish","type":"post","link":"https:\/\/www.entrerios.gov.ar\/cultura\/la-biblioteca-provincial-realizo-lecturas-de-autores-entrerrianos-en-gualeguaychu\/","title":{"rendered":"La Biblioteca Provincial realiz\u00f3 lecturas de autores entrerrianos en Gualeguaych\u00fa"},"content":{"rendered":"\n<p>La agenda, desarrollada en los \u00faltimos d\u00edas de abril, incluy\u00f3 actividades junto a bibliotecas populares. El objetivo es federalizar y descentralizar los ciclos promovidos por la instituci\u00f3n, que depende de la Secretar\u00eda de Cultura de Entre R\u00edos.&nbsp;<\/p>\n\n\n\n<p>La actividad comenz\u00f3 en la Biblioteca Popular Rodolfo A. Garc\u00eda, con una ronda de lectura dedicada al poeta Manuel Portela (1897-1949), acercando su obra y su v\u00ednculo con el Gualeguaych\u00fa de su tiempo. Luego, en la Biblioteca Popular Manuel Belgrano de Pueblo General Belgrano, se llev\u00f3 a cabo un mate literario que reuni\u00f3 textos de Ana Etchegoyen, Luis Jeannot Sueyro y relatos de Juan Jos\u00e9 Manauta, en un encuentro de literatura, memoria y participaci\u00f3n comunitaria.&nbsp;<\/p>\n\n\n\n<p>La agenda continu\u00f3 en la Biblioteca Popular Olegario V. Andrade del Instituto Magnasco, donde se realiz\u00f3 una reuni\u00f3n de trabajo entre representantes de la Biblioteca Provincial y miembros de la Comisi\u00f3n Directiva de la instituci\u00f3n, en la que se definieron l\u00edneas de colaboraci\u00f3n para el a\u00f1o en curso. Finalmente, en la Biblioteca Popular Sarmiento, se llev\u00f3 adelante una nueva edici\u00f3n del ciclo \u201cEntre R\u00edos cantada\u201d, centrado en la figura del poeta y periodista Gervasio M\u00e9ndez (1843-1897).<\/p>\n\n\n\n<p>A trav\u00e9s de estas acciones, la Biblioteca Provincial (ubicada en Alameda de la Federaci\u00f3n 278, Paran\u00e1), reafirma su compromiso de fortalecer el acceso a la literatura entrerriana, renovar la circulaci\u00f3n de voces locales y construir espacios colectivos de lectura, memoria y participaci\u00f3n ciudadana.<\/p>\n\n\n\n<p><em>Comunicaci\u00f3n Biblioteca Provincial.<\/em><\/p>\n","protected":false},"excerpt":{"rendered":"<p>La agenda, desarrollada en los \u00faltimos d\u00edas de abril, incluy\u00f3 actividades junto a bibliotecas populares. El objetivo es federalizar y descentralizar los ciclos promovidos por la instituci\u00f3n, que depende de la Secretar\u00eda de Cultura de Entre R\u00edos.&nbsp; La actividad comenz\u00f3 en la Biblioteca Popular Rodolfo A. Garc\u00eda, con una ronda de lectura dedicada al poeta [&hellip;]<\/p>\n","protected":false},"author":5,"featured_media":13326,"comment_status":"open","ping_status":"open","sticky":false,"template":"","format":"standard","meta":{"_et_pb_use_builder":"off","_et_pb_old_content":"","_et_gb_content_width":"","footnotes":""},"categories":[1,28,5],"tags":[],"class_list":["post-13328","post","type-post","status-publish","format-standard","has-post-thumbnail","hentry","category-destacado","category-noticias","category-biblioteca-provincial"],"_links":{"self":[{"href":"https:\/\/www.entrerios.gov.ar\/cultura\/wp-json\/wp\/v2\/posts\/13328","targetHints":{"allow":["GET"]}}],"collection":[{"href":"https:\/\/www.entrerios.gov.ar\/cultura\/wp-json\/wp\/v2\/posts"}],"about":[{"href":"https:\/\/www.entrerios.gov.ar\/cultura\/wp-json\/wp\/v2\/types\/post"}],"author":[{"embeddable":true,"href":"https:\/\/www.entrerios.gov.ar\/cultura\/wp-json\/wp\/v2\/users\/5"}],"replies":[{"embeddable":true,"href":"https:\/\/www.entrerios.gov.ar\/cultura\/wp-json\/wp\/v2\/comments?post=13328"}],"version-history":[{"count":1,"href":"https:\/\/www.entrerios.gov.ar\/cultura\/wp-json\/wp\/v2\/posts\/13328\/revisions"}],"predecessor-version":[{"id":13329,"href":"https:\/\/www.entrerios.gov.ar\/cultura\/wp-json\/wp\/v2\/posts\/13328\/revisions\/13329"}],"wp:featuredmedia":[{"embeddable":true,"href":"https:\/\/www.entrerios.gov.ar\/cultura\/wp-json\/wp\/v2\/media\/13326"}],"wp:attachment":[{"href":"https:\/\/www.entrerios.gov.ar\/cultura\/wp-json\/wp\/v2\/media?parent=13328"}],"wp:term":[{"taxonomy":"category","embeddable":true,"href":"https:\/\/www.entrerios.gov.ar\/cultura\/wp-json\/wp\/v2\/categories?post=13328"},{"taxonomy":"post_tag","embeddable":true,"href":"https:\/\/www.entrerios.gov.ar\/cultura\/wp-json\/wp\/v2\/tags?post=13328"}],"curies":[{"name":"wp","href":"https:\/\/api.w.org\/{rel}","templated":true}]}}