{"id":13334,"date":"2025-05-02T14:20:37","date_gmt":"2025-05-02T14:20:37","guid":{"rendered":"https:\/\/www.entrerios.gov.ar\/cultura\/?p=13334"},"modified":"2025-05-02T14:20:39","modified_gmt":"2025-05-02T14:20:39","slug":"el-gobierno-celebro-el-dia-del-trabajador-con-actividades-en-el-museo-casa-de-gobierno-y-en-plaza-carbo","status":"publish","type":"post","link":"https:\/\/www.entrerios.gov.ar\/cultura\/el-gobierno-celebro-el-dia-del-trabajador-con-actividades-en-el-museo-casa-de-gobierno-y-en-plaza-carbo\/","title":{"rendered":"El gobierno celebr\u00f3 el D\u00eda del Trabajador con actividades en el Museo Casa de Gobierno y en plaza Carb\u00f3"},"content":{"rendered":"\n<p><strong>Desde el mediod\u00eda de este jueves, la explanada de Casa de Gobierno y la plaza Carb\u00f3 fueron escenario de una jornada en la que trabajadoras y trabajadores entrerrianos disfrutaron de la tradicional feria de emprendedores, artesanos, puestos gastron\u00f3micos, m\u00fasica, charlas y una muestra hist\u00f3rica en el Museo de Casa de Gobierno.<\/strong><\/p>\n\n\n\n<p>A trav\u00e9s de las secretar\u00edas de Trabajo y Seguridad Social y la de Cultura del Ministerio de Gobierno y Trabajo, se llev\u00f3 adelante una jornada de festejo del D\u00eda del Trabajador, en articulaci\u00f3n con el programa Manos Entrerrianas, del Ministerio de Desarrollo Humano; los museos Mercado de Artesan\u00edas y de Casa de Gobierno; emprendedores y m\u00fasicos invitados, con la participaci\u00f3n de Pasionarias, Litoral Mit\u00e1 y Te traigo un son.\u00a0<\/p>\n\n\n\n<p>Tambi\u00e9n se desarrollaron en el Museo de Casa de Gobierno una muestra de elementos antiguos de trabajo y de fotograf\u00edas; y dos charlas alusivas sobre la historia del movimiento sindical y el trabajo en el contexto de las plataformas digitales e IA, de las que participaron reconocidos representantes del sindicalismo entrerriano, expertos; y el secretario de Trabajo, Mariano Camoirano.<\/p>\n\n\n\n<div class=\"wp-block-columns is-layout-flex wp-container-core-columns-is-layout-9d6595d7 wp-block-columns-is-layout-flex\">\n<div class=\"wp-block-column is-layout-flow wp-block-column-is-layout-flow\">\n<figure class=\"wp-block-image size-large\"><img loading=\"lazy\" decoding=\"async\" width=\"1024\" height=\"683\" src=\"https:\/\/www.entrerios.gov.ar\/cultura\/wp-content\/uploads\/2025\/05\/trabajo-3-1024x683.jpeg\" alt=\"\" class=\"wp-image-13337\" srcset=\"https:\/\/www.entrerios.gov.ar\/cultura\/wp-content\/uploads\/2025\/05\/trabajo-3-980x653.jpeg 980w, https:\/\/www.entrerios.gov.ar\/cultura\/wp-content\/uploads\/2025\/05\/trabajo-3-480x320.jpeg 480w\" sizes=\"auto, (min-width: 0px) and (max-width: 480px) 480px, (min-width: 481px) and (max-width: 980px) 980px, (min-width: 981px) 1024px, 100vw\" \/><\/figure>\n<\/div>\n\n\n\n<div class=\"wp-block-column is-layout-flow wp-block-column-is-layout-flow\">\n<figure class=\"wp-block-image size-large\"><img loading=\"lazy\" decoding=\"async\" width=\"1024\" height=\"683\" src=\"https:\/\/www.entrerios.gov.ar\/cultura\/wp-content\/uploads\/2025\/05\/trabajo-2-1024x683.jpeg\" alt=\"\" class=\"wp-image-13338\" srcset=\"https:\/\/www.entrerios.gov.ar\/cultura\/wp-content\/uploads\/2025\/05\/trabajo-2-980x653.jpeg 980w, https:\/\/www.entrerios.gov.ar\/cultura\/wp-content\/uploads\/2025\/05\/trabajo-2-480x320.jpeg 480w\" sizes=\"auto, (min-width: 0px) and (max-width: 480px) 480px, (min-width: 481px) and (max-width: 980px) 980px, (min-width: 981px) 1024px, 100vw\" \/><\/figure>\n<\/div>\n<\/div>\n\n\n\n<p>En tal sentido, el funcionario explic\u00f3 que &#8220;esta jornada naci\u00f3 en di\u00e1logo con sindicatos y distintas \u00e1reas provinciales, con la intenci\u00f3n de generar un espacio de intercambio en un clima festivo, al que las familias entrerrianas puedan acercarse a disfrutar de propuestas culturales, pero tambi\u00e9n a recordar, reconocer y reflexionar sobre la gran importancia que tiene el movimiento obrero en nuestro pa\u00eds, as\u00ed como de los desaf\u00edos que los trabajadores enfrentan en estos d\u00edas con las nuevas tecnolog\u00edas&#8221;.<\/p>\n\n\n\n<figure class=\"wp-block-image size-large\"><img loading=\"lazy\" decoding=\"async\" width=\"1024\" height=\"683\" src=\"https:\/\/www.entrerios.gov.ar\/cultura\/wp-content\/uploads\/2025\/05\/trabajo-1-1024x683.jpeg\" alt=\"\" class=\"wp-image-13336\" srcset=\"https:\/\/www.entrerios.gov.ar\/cultura\/wp-content\/uploads\/2025\/05\/trabajo-1-980x653.jpeg 980w, https:\/\/www.entrerios.gov.ar\/cultura\/wp-content\/uploads\/2025\/05\/trabajo-1-480x320.jpeg 480w\" sizes=\"auto, (min-width: 0px) and (max-width: 480px) 480px, (min-width: 481px) and (max-width: 980px) 980px, (min-width: 981px) 1024px, 100vw\" \/><\/figure>\n\n\n\n<p>El secretario de Cultura, Juli\u00e1n Stoppello, indic\u00f3 &#8220;es un d\u00eda de celebraci\u00f3n, en el que queremos destacar y reconocer a todos los trabajadores de la cultura, porque no solamente generan un importante movimiento econ\u00f3mico para la provincia, sino que con su labor tambi\u00e9n construyen nuestra identidad, agregando el valor simb\u00f3lico que nos representa en el pa\u00eds y en el mundo&#8221;.<\/p>\n\n\n\n<figure class=\"wp-block-image size-large\"><img loading=\"lazy\" decoding=\"async\" width=\"1024\" height=\"683\" src=\"https:\/\/www.entrerios.gov.ar\/cultura\/wp-content\/uploads\/2025\/05\/54490721583_48b360f8a1_o-1024x683.jpg\" alt=\"\" class=\"wp-image-13335\" srcset=\"https:\/\/www.entrerios.gov.ar\/cultura\/wp-content\/uploads\/2025\/05\/54490721583_48b360f8a1_o-980x653.jpg 980w, https:\/\/www.entrerios.gov.ar\/cultura\/wp-content\/uploads\/2025\/05\/54490721583_48b360f8a1_o-480x320.jpg 480w\" sizes=\"auto, (min-width: 0px) and (max-width: 480px) 480px, (min-width: 481px) and (max-width: 980px) 980px, (min-width: 981px) 1024px, 100vw\" \/><\/figure>\n","protected":false},"excerpt":{"rendered":"<p>Desde el mediod\u00eda de este jueves, la explanada de Casa de Gobierno y la plaza Carb\u00f3 fueron escenario de una jornada en la que trabajadoras y trabajadores entrerrianos disfrutaron de la tradicional feria de emprendedores, artesanos, puestos gastron\u00f3micos, m\u00fasica, charlas y una muestra hist\u00f3rica en el Museo de Casa de Gobierno. A trav\u00e9s de las [&hellip;]<\/p>\n","protected":false},"author":5,"featured_media":13339,"comment_status":"open","ping_status":"open","sticky":false,"template":"","format":"standard","meta":{"_et_pb_use_builder":"off","_et_pb_old_content":"","_et_gb_content_width":"","footnotes":""},"categories":[1,28],"tags":[],"class_list":["post-13334","post","type-post","status-publish","format-standard","has-post-thumbnail","hentry","category-destacado","category-noticias"],"_links":{"self":[{"href":"https:\/\/www.entrerios.gov.ar\/cultura\/wp-json\/wp\/v2\/posts\/13334","targetHints":{"allow":["GET"]}}],"collection":[{"href":"https:\/\/www.entrerios.gov.ar\/cultura\/wp-json\/wp\/v2\/posts"}],"about":[{"href":"https:\/\/www.entrerios.gov.ar\/cultura\/wp-json\/wp\/v2\/types\/post"}],"author":[{"embeddable":true,"href":"https:\/\/www.entrerios.gov.ar\/cultura\/wp-json\/wp\/v2\/users\/5"}],"replies":[{"embeddable":true,"href":"https:\/\/www.entrerios.gov.ar\/cultura\/wp-json\/wp\/v2\/comments?post=13334"}],"version-history":[{"count":1,"href":"https:\/\/www.entrerios.gov.ar\/cultura\/wp-json\/wp\/v2\/posts\/13334\/revisions"}],"predecessor-version":[{"id":13340,"href":"https:\/\/www.entrerios.gov.ar\/cultura\/wp-json\/wp\/v2\/posts\/13334\/revisions\/13340"}],"wp:featuredmedia":[{"embeddable":true,"href":"https:\/\/www.entrerios.gov.ar\/cultura\/wp-json\/wp\/v2\/media\/13339"}],"wp:attachment":[{"href":"https:\/\/www.entrerios.gov.ar\/cultura\/wp-json\/wp\/v2\/media?parent=13334"}],"wp:term":[{"taxonomy":"category","embeddable":true,"href":"https:\/\/www.entrerios.gov.ar\/cultura\/wp-json\/wp\/v2\/categories?post=13334"},{"taxonomy":"post_tag","embeddable":true,"href":"https:\/\/www.entrerios.gov.ar\/cultura\/wp-json\/wp\/v2\/tags?post=13334"}],"curies":[{"name":"wp","href":"https:\/\/api.w.org\/{rel}","templated":true}]}}