{"id":13502,"date":"2025-05-10T15:41:05","date_gmt":"2025-05-10T15:41:05","guid":{"rendered":"https:\/\/www.entrerios.gov.ar\/cultura\/?p=13502"},"modified":"2025-05-10T15:51:30","modified_gmt":"2025-05-10T15:51:30","slug":"con-una-nueva-edicion-en-parana-se-consolida-el-ciclo-fogon-entrerriano","status":"publish","type":"post","link":"https:\/\/www.entrerios.gov.ar\/cultura\/con-una-nueva-edicion-en-parana-se-consolida-el-ciclo-fogon-entrerriano\/","title":{"rendered":"Con una nueva edici\u00f3n en Paran\u00e1 se consolida el ciclo Fog\u00f3n Entrerriano"},"content":{"rendered":"\n<p>Este viernes hubo una nueva jornada con m\u00fasica en vivo, cantina y feria en la Casa de la Cultura de Entre R\u00edos. Es otra iniciativa federal de la Secretar\u00eda de Cultura de Entre R\u00edos que ya pas\u00f3 por Larroque y Diamante, entre otras ciudades.&nbsp;<\/p>\n\n\n\n<p>Las Guitarras Gualeyas, tr\u00edo integrado por Juan Mart\u00edn Carballo, Valent\u00edn Cosso, y Nadia Ojeda, abri\u00f3 la jornada con chamam\u00e9, rasguido doble y chamarrita. Fueron acompa\u00f1ados por un texto de Amaro Villanueva le\u00eddo por Sof\u00eda Arnaudin. \u201cLes agradecemos por venir a compartir. Estamos contentos de saber que el <em>Fog\u00f3n Entrerriano<\/em> circula por distintos lugares de la provincia\u201d, se despidi\u00f3 Caraballo.<\/p>\n\n\n\n<figure class=\"wp-block-image\"><img loading=\"lazy\" decoding=\"async\" width=\"1600\" height=\"1067\" src=\"https:\/\/www.entrerios.gov.ar\/cultura\/wp-content\/uploads\/2025\/05\/AD_4nXc55nUgfB-Rk5zUhZKHxWixLo2SRMkFUTAa0kSe_KNOnp78aird3by-ZTDRoeJ5pV9KOjeGgCAzGIjDf5BUi6qQhPtA09Xfez_rrqaz6LAK_qCV5Yc0Bsst9pF3vt51BykJdpUa.jpg\" alt=\"\" class=\"wp-image-13504\" srcset=\"https:\/\/www.entrerios.gov.ar\/cultura\/wp-content\/uploads\/2025\/05\/AD_4nXc55nUgfB-Rk5zUhZKHxWixLo2SRMkFUTAa0kSe_KNOnp78aird3by-ZTDRoeJ5pV9KOjeGgCAzGIjDf5BUi6qQhPtA09Xfez_rrqaz6LAK_qCV5Yc0Bsst9pF3vt51BykJdpUa.jpg 1600w, https:\/\/www.entrerios.gov.ar\/cultura\/wp-content\/uploads\/2025\/05\/AD_4nXc55nUgfB-Rk5zUhZKHxWixLo2SRMkFUTAa0kSe_KNOnp78aird3by-ZTDRoeJ5pV9KOjeGgCAzGIjDf5BUi6qQhPtA09Xfez_rrqaz6LAK_qCV5Yc0Bsst9pF3vt51BykJdpUa-1280x854.jpg 1280w, https:\/\/www.entrerios.gov.ar\/cultura\/wp-content\/uploads\/2025\/05\/AD_4nXc55nUgfB-Rk5zUhZKHxWixLo2SRMkFUTAa0kSe_KNOnp78aird3by-ZTDRoeJ5pV9KOjeGgCAzGIjDf5BUi6qQhPtA09Xfez_rrqaz6LAK_qCV5Yc0Bsst9pF3vt51BykJdpUa-980x654.jpg 980w, https:\/\/www.entrerios.gov.ar\/cultura\/wp-content\/uploads\/2025\/05\/AD_4nXc55nUgfB-Rk5zUhZKHxWixLo2SRMkFUTAa0kSe_KNOnp78aird3by-ZTDRoeJ5pV9KOjeGgCAzGIjDf5BUi6qQhPtA09Xfez_rrqaz6LAK_qCV5Yc0Bsst9pF3vt51BykJdpUa-480x320.jpg 480w\" sizes=\"auto, (min-width: 0px) and (max-width: 480px) 480px, (min-width: 481px) and (max-width: 980px) 980px, (min-width: 981px) and (max-width: 1280px) 1280px, (min-width: 1281px) 1600px, 100vw\" \/><\/figure>\n\n\n\n<p>En el patio y las galer\u00edas de la Casa de la Cultura, numerosas personas disfrutaron de la cantina organizada por el grupo autogestivo Chavela. \u201cOfrecemos productos elaborados por emprendedores locales y al mismo tiempo nos proponemos impulsar la cultura\u201d, expres\u00f3 Pablo, integrante del grupo.<\/p>\n\n\n\n<p>Alicia y Guadalupe compart\u00edan una charla en el intervalo del espect\u00e1culo musical. \u201cEs la primera vez que vengo al Fog\u00f3n, nos pareci\u00f3 una belleza la propuesta\u201d, dijo la primera de ellas. \u201cMe enter\u00e9 y quise venir. Me encant\u00f3\u201d, coment\u00f3 su compa\u00f1era.&nbsp;<\/p>\n\n\n\n<p>Andrea es una emprendedora de Paran\u00e1 que tiene un proyecto de encuadernaci\u00f3n artesanal: \u201cHay un ambiente de mucha generosidad entre los que estamos feriando y quienes se acercan a conocer nuestros productos\u201d, sostuvo.<\/p>\n\n\n\n<figure class=\"wp-block-image\"><img loading=\"lazy\" decoding=\"async\" width=\"1600\" height=\"1067\" src=\"https:\/\/www.entrerios.gov.ar\/cultura\/wp-content\/uploads\/2025\/05\/AD_4nXeNYRy-VqEvd2GzYcCOGaclWTqbCa5HVy3c6N7uPejKEDAlVLCiBx5iNZy1AcfAGNS0GNU8MfW4n37-CW2uvv6KtNrQH1YGMVOTaoVIzd-RH0-Nxlw55x87Nii0TNzoxq_TdU8dyg.jpg\" alt=\"\" class=\"wp-image-13505\" srcset=\"https:\/\/www.entrerios.gov.ar\/cultura\/wp-content\/uploads\/2025\/05\/AD_4nXeNYRy-VqEvd2GzYcCOGaclWTqbCa5HVy3c6N7uPejKEDAlVLCiBx5iNZy1AcfAGNS0GNU8MfW4n37-CW2uvv6KtNrQH1YGMVOTaoVIzd-RH0-Nxlw55x87Nii0TNzoxq_TdU8dyg.jpg 1600w, https:\/\/www.entrerios.gov.ar\/cultura\/wp-content\/uploads\/2025\/05\/AD_4nXeNYRy-VqEvd2GzYcCOGaclWTqbCa5HVy3c6N7uPejKEDAlVLCiBx5iNZy1AcfAGNS0GNU8MfW4n37-CW2uvv6KtNrQH1YGMVOTaoVIzd-RH0-Nxlw55x87Nii0TNzoxq_TdU8dyg-1280x854.jpg 1280w, https:\/\/www.entrerios.gov.ar\/cultura\/wp-content\/uploads\/2025\/05\/AD_4nXeNYRy-VqEvd2GzYcCOGaclWTqbCa5HVy3c6N7uPejKEDAlVLCiBx5iNZy1AcfAGNS0GNU8MfW4n37-CW2uvv6KtNrQH1YGMVOTaoVIzd-RH0-Nxlw55x87Nii0TNzoxq_TdU8dyg-980x654.jpg 980w, https:\/\/www.entrerios.gov.ar\/cultura\/wp-content\/uploads\/2025\/05\/AD_4nXeNYRy-VqEvd2GzYcCOGaclWTqbCa5HVy3c6N7uPejKEDAlVLCiBx5iNZy1AcfAGNS0GNU8MfW4n37-CW2uvv6KtNrQH1YGMVOTaoVIzd-RH0-Nxlw55x87Nii0TNzoxq_TdU8dyg-480x320.jpg 480w\" sizes=\"auto, (min-width: 0px) and (max-width: 480px) 480px, (min-width: 481px) and (max-width: 980px) 980px, (min-width: 981px) and (max-width: 1280px) 1280px, (min-width: 1281px) 1600px, 100vw\" \/><\/figure>\n\n\n\n<p>Para la segunda parte del espect\u00e1culo en la Sala Mayor fue anunciada Mar\u00eda Cuevas, junto a sus m\u00fasicos integrado por Mariano Mart\u00ednez, Mauro Sauthier, Juan Zapata, Flavio Valdez y Cristian Dappen. La cantora nacida en Diamante y radicada en Paran\u00e1 agradeci\u00f3 \u201cestar en la casa de todos, en la Casa de la Cultura\u201d. Y agreg\u00f3: \u201cQuiero agradecer tambi\u00e9n a la Secretar\u00eda de Cultura y a los t\u00e9cnicos del espacio por esta movida tan linda\u201d.&nbsp;<\/p>\n\n\n\n<p>La noche se coron\u00f3 con <em>Canci\u00f3n de cuna costera<\/em> interpretada por un ensamble de ambos grupos protagonistas, y con Cuevas haciendo parte a la platea de un canto colectivo.<\/p>\n\n\n\n<p><em>Fog\u00f3n Entrerriano<\/em> integra un grupo de ciclos impulsados por la Secretar\u00eda de Cultura de Entre R\u00edos que tienen como objetivo la creaci\u00f3n de nuevos circuitos. Se busca, adem\u00e1s, ampliar los p\u00fablicos de las localidades participantes y ofrecer a los artistas un mayor espacio de intercambio, profesionalizaci\u00f3n y visibilidad. Es parte del programa anual CUAC! (Cultura Activa).<\/p>\n","protected":false},"excerpt":{"rendered":"<p>Este viernes hubo una nueva jornada con m\u00fasica en vivo, cantina y feria en la Casa de la Cultura de Entre R\u00edos. Es otra iniciativa federal de la Secretar\u00eda de Cultura de Entre R\u00edos que ya pas\u00f3 por Larroque y Diamante, entre otras ciudades.&nbsp; Las Guitarras Gualeyas, tr\u00edo integrado por Juan Mart\u00edn Carballo, Valent\u00edn Cosso, [&hellip;]<\/p>\n","protected":false},"author":5,"featured_media":13503,"comment_status":"open","ping_status":"open","sticky":false,"template":"","format":"standard","meta":{"_et_pb_use_builder":"off","_et_pb_old_content":"","_et_gb_content_width":"","footnotes":""},"categories":[1,28,19],"tags":[],"class_list":["post-13502","post","type-post","status-publish","format-standard","has-post-thumbnail","hentry","category-destacado","category-noticias","category-casa-de-la-cultura-de-er"],"_links":{"self":[{"href":"https:\/\/www.entrerios.gov.ar\/cultura\/wp-json\/wp\/v2\/posts\/13502","targetHints":{"allow":["GET"]}}],"collection":[{"href":"https:\/\/www.entrerios.gov.ar\/cultura\/wp-json\/wp\/v2\/posts"}],"about":[{"href":"https:\/\/www.entrerios.gov.ar\/cultura\/wp-json\/wp\/v2\/types\/post"}],"author":[{"embeddable":true,"href":"https:\/\/www.entrerios.gov.ar\/cultura\/wp-json\/wp\/v2\/users\/5"}],"replies":[{"embeddable":true,"href":"https:\/\/www.entrerios.gov.ar\/cultura\/wp-json\/wp\/v2\/comments?post=13502"}],"version-history":[{"count":2,"href":"https:\/\/www.entrerios.gov.ar\/cultura\/wp-json\/wp\/v2\/posts\/13502\/revisions"}],"predecessor-version":[{"id":13507,"href":"https:\/\/www.entrerios.gov.ar\/cultura\/wp-json\/wp\/v2\/posts\/13502\/revisions\/13507"}],"wp:featuredmedia":[{"embeddable":true,"href":"https:\/\/www.entrerios.gov.ar\/cultura\/wp-json\/wp\/v2\/media\/13503"}],"wp:attachment":[{"href":"https:\/\/www.entrerios.gov.ar\/cultura\/wp-json\/wp\/v2\/media?parent=13502"}],"wp:term":[{"taxonomy":"category","embeddable":true,"href":"https:\/\/www.entrerios.gov.ar\/cultura\/wp-json\/wp\/v2\/categories?post=13502"},{"taxonomy":"post_tag","embeddable":true,"href":"https:\/\/www.entrerios.gov.ar\/cultura\/wp-json\/wp\/v2\/tags?post=13502"}],"curies":[{"name":"wp","href":"https:\/\/api.w.org\/{rel}","templated":true}]}}