{"id":13517,"date":"2025-05-12T18:31:00","date_gmt":"2025-05-12T18:31:00","guid":{"rendered":"https:\/\/www.entrerios.gov.ar\/cultura\/?p=13517"},"modified":"2025-05-12T16:32:42","modified_gmt":"2025-05-12T16:32:42","slug":"los-museos-provinciales-se-unen-para-celebrar-su-dia","status":"publish","type":"post","link":"https:\/\/www.entrerios.gov.ar\/cultura\/los-museos-provinciales-se-unen-para-celebrar-su-dia\/","title":{"rendered":"Los museos provinciales se unen para celebrar su d\u00eda\u00a0"},"content":{"rendered":"\n<p>En el marco del D\u00eda Internacional de los Museos, la Secretar\u00eda de Cultura de Entre R\u00edos, a trav\u00e9s de la Direcci\u00f3n General de Museos y Patrimonio Cultural, invita a participar de un circuito por espacios culturales de distintas localidades. La actividad se desarrollar\u00e1 el viernes 16 de mayo, en el horario habitual de cada organismo.&nbsp;<\/p>\n\n\n\n<p>Los nueve museos provinciales y el Archivo General de Entre R\u00edos ofrecer\u00e1n una experiencia federal que invita a explorar y aprender sobre historia y diversidad del patrimonio entrerriano. Durante el evento, los visitantes podr\u00e1n recorrer estos espacios con un pasaporte en mano y descubrir la riqueza cultural que ofrece la provincia.&nbsp;<\/p>\n\n\n\n<p>&#8220;Pasaporte cultural a los museos provinciales&#8221; ofrecer\u00e1 una experiencia divertida y educativa para toda la familia, instituciones educativas y p\u00fablico en general. En cada museo se podr\u00e1 disfrutar de propuestas l\u00fadicas, exposiciones, salas tem\u00e1ticas, entre otras. Adem\u00e1s, los visitantes podr\u00e1n acceder a un mapa con geolocalizaci\u00f3n de todos los museos provinciales, en donde podr\u00e1n consultar los horarios y direcciones de cada espacio.<\/p>\n\n\n\n<p>La iniciativa reunir\u00e1 a diez instituciones distribuidas en cuatro departamentos de la provincia. En Paran\u00e1 se podr\u00e1n visitar el Museo Hist\u00f3rico Provincial \u201cMartiniano Leguizam\u00f3n\u201d, el Museo Provincial de Bellas Artes &#8220;Dr. Pedro E. Mart\u00ednez&#8221;, el Museo Provincial de Ciencias Naturales y Antropol\u00f3gicas &#8220;Profesor Antonio Serrano&#8221;, Museo Casa de Gobierno, el Museo y Mercado Provincial de Artesan\u00edas &#8220;Carlos Asiain&#8221;, el Museo Provincial Hogar Escuela \u201cEva Per\u00f3n\u201d y el Archivo General de Entre R\u00edos. Tambi\u00e9n se sumar\u00e1n el Museo Provincial de Dibujo y Grabado &#8220;Artemio Alisio&#8221; de Concepci\u00f3n del Uruguay,&nbsp; el Museo Molino Forclaz de Col\u00f3n y el Museo Provincial de la Imagen de Concordia.&nbsp;<\/p>\n\n\n\n<figure class=\"wp-block-image\"><img loading=\"lazy\" decoding=\"async\" width=\"1600\" height=\"1075\" src=\"https:\/\/www.entrerios.gov.ar\/cultura\/wp-content\/uploads\/2025\/05\/AD_4nXfEeVpPiPg_bw2aoue49gR3Pa7zU715hKRaLW0FErhBK0bCdiPpfbggLfEWpJfNg825VJbRQdMpFhRkTnY4pjoSM1rLuAoraEUgYt3DbkmjDmnBUg0PMVoXisHk3te6d02lJ91GjQ.jpg\" alt=\"\" class=\"wp-image-13519\" srcset=\"https:\/\/www.entrerios.gov.ar\/cultura\/wp-content\/uploads\/2025\/05\/AD_4nXfEeVpPiPg_bw2aoue49gR3Pa7zU715hKRaLW0FErhBK0bCdiPpfbggLfEWpJfNg825VJbRQdMpFhRkTnY4pjoSM1rLuAoraEUgYt3DbkmjDmnBUg0PMVoXisHk3te6d02lJ91GjQ.jpg 1600w, https:\/\/www.entrerios.gov.ar\/cultura\/wp-content\/uploads\/2025\/05\/AD_4nXfEeVpPiPg_bw2aoue49gR3Pa7zU715hKRaLW0FErhBK0bCdiPpfbggLfEWpJfNg825VJbRQdMpFhRkTnY4pjoSM1rLuAoraEUgYt3DbkmjDmnBUg0PMVoXisHk3te6d02lJ91GjQ-1280x860.jpg 1280w, https:\/\/www.entrerios.gov.ar\/cultura\/wp-content\/uploads\/2025\/05\/AD_4nXfEeVpPiPg_bw2aoue49gR3Pa7zU715hKRaLW0FErhBK0bCdiPpfbggLfEWpJfNg825VJbRQdMpFhRkTnY4pjoSM1rLuAoraEUgYt3DbkmjDmnBUg0PMVoXisHk3te6d02lJ91GjQ-980x658.jpg 980w, https:\/\/www.entrerios.gov.ar\/cultura\/wp-content\/uploads\/2025\/05\/AD_4nXfEeVpPiPg_bw2aoue49gR3Pa7zU715hKRaLW0FErhBK0bCdiPpfbggLfEWpJfNg825VJbRQdMpFhRkTnY4pjoSM1rLuAoraEUgYt3DbkmjDmnBUg0PMVoXisHk3te6d02lJ91GjQ-480x323.jpg 480w\" sizes=\"auto, (min-width: 0px) and (max-width: 480px) 480px, (min-width: 481px) and (max-width: 980px) 980px, (min-width: 981px) and (max-width: 1280px) 1280px, (min-width: 1281px) 1600px, 100vw\" \/><\/figure>\n\n\n\n<p><strong>Sobre la celebraci\u00f3n<\/strong><\/p>\n\n\n\n<p>El D\u00eda Internacional de los Museos, organizado por el Consejo Internacional de Museos (ICOM), se celebra cada 18 de mayo. Es un evento mundial que destaca el papel transformador de los museos en la sociedad. El tema 2025, &#8220;El futuro de los museos en comunidades en constante cambio&#8221;, invita a reimaginar el papel de los museos como conectores esenciales, innovadores y guardianes de la identidad cultural. Los museos no solo conservan el pasado, sino que tambi\u00e9n pueden impulsar la innovaci\u00f3n, apoyar las econom\u00edas locales y promover la inclusi\u00f3n. Este tema se alinea con objetivos de desarrollo sostenible (ODS): los museos apoyan las econom\u00edas locales, contribuyen al desarrollo urbano sostenible, impulsan la innovaci\u00f3n y mejoran la accesibilidad.<\/p>\n\n\n\n<p><em>Prensa Equipo de Museo Casa de Gobierno<\/em><\/p>\n","protected":false},"excerpt":{"rendered":"<p>En el marco del D\u00eda Internacional de los Museos, la Secretar\u00eda de Cultura de Entre R\u00edos, a trav\u00e9s de la Direcci\u00f3n General de Museos y Patrimonio Cultural, invita a participar de un circuito por espacios culturales de distintas localidades. La actividad se desarrollar\u00e1 el viernes 16 de mayo, en el horario habitual de cada organismo.&nbsp; [&hellip;]<\/p>\n","protected":false},"author":5,"featured_media":13518,"comment_status":"open","ping_status":"open","sticky":false,"template":"","format":"standard","meta":{"_et_pb_use_builder":"off","_et_pb_old_content":"","_et_gb_content_width":"","footnotes":""},"categories":[1,28,7,9,11,8,15,12,10,14,13,16],"tags":[],"class_list":["post-13517","post","type-post","status-publish","format-standard","has-post-thumbnail","hentry","category-destacado","category-noticias","category-archivo-general","category-museo-bellas-artes","category-museo-casa-de-gobierno","category-museo-ciencias-naturales","category-museo-de-dibujo-y-grabado","category-museo-de-la-imagen","category-museo-historico","category-museo-hogar-escuela-eva-peron","category-museo-molino-forclaz","category-museo-y-mercado-de-artesanias"],"_links":{"self":[{"href":"https:\/\/www.entrerios.gov.ar\/cultura\/wp-json\/wp\/v2\/posts\/13517","targetHints":{"allow":["GET"]}}],"collection":[{"href":"https:\/\/www.entrerios.gov.ar\/cultura\/wp-json\/wp\/v2\/posts"}],"about":[{"href":"https:\/\/www.entrerios.gov.ar\/cultura\/wp-json\/wp\/v2\/types\/post"}],"author":[{"embeddable":true,"href":"https:\/\/www.entrerios.gov.ar\/cultura\/wp-json\/wp\/v2\/users\/5"}],"replies":[{"embeddable":true,"href":"https:\/\/www.entrerios.gov.ar\/cultura\/wp-json\/wp\/v2\/comments?post=13517"}],"version-history":[{"count":1,"href":"https:\/\/www.entrerios.gov.ar\/cultura\/wp-json\/wp\/v2\/posts\/13517\/revisions"}],"predecessor-version":[{"id":13520,"href":"https:\/\/www.entrerios.gov.ar\/cultura\/wp-json\/wp\/v2\/posts\/13517\/revisions\/13520"}],"wp:featuredmedia":[{"embeddable":true,"href":"https:\/\/www.entrerios.gov.ar\/cultura\/wp-json\/wp\/v2\/media\/13518"}],"wp:attachment":[{"href":"https:\/\/www.entrerios.gov.ar\/cultura\/wp-json\/wp\/v2\/media?parent=13517"}],"wp:term":[{"taxonomy":"category","embeddable":true,"href":"https:\/\/www.entrerios.gov.ar\/cultura\/wp-json\/wp\/v2\/categories?post=13517"},{"taxonomy":"post_tag","embeddable":true,"href":"https:\/\/www.entrerios.gov.ar\/cultura\/wp-json\/wp\/v2\/tags?post=13517"}],"curies":[{"name":"wp","href":"https:\/\/api.w.org\/{rel}","templated":true}]}}