{"id":13526,"date":"2025-05-13T13:51:09","date_gmt":"2025-05-13T13:51:09","guid":{"rendered":"https:\/\/www.entrerios.gov.ar\/cultura\/?p=13526"},"modified":"2025-05-13T13:51:11","modified_gmt":"2025-05-13T13:51:11","slug":"programa-doble-llega-a-villa-urquiza-este-domingo","status":"publish","type":"post","link":"https:\/\/www.entrerios.gov.ar\/cultura\/programa-doble-llega-a-villa-urquiza-este-domingo\/","title":{"rendered":"Programa Doble llega a Villa Urquiza este domingo"},"content":{"rendered":"\n<p>Se presentar\u00e1 la obra <em>Los Son\u00e1mbulos, una historia de la ciencia en dos patadas<\/em> en el ciclo Un domingo de Teatro; y el espect\u00e1culo <em>De monte y de r\u00edo<\/em> en el marco de Entre R\u00edos Cuenta. La entrada es libre y gratuita. Organiza la Secretar\u00eda de Cultura de Entre R\u00edos, en conjunto con la Municipalidad de Villa Urquiza.&nbsp;<\/p>\n\n\n\n<p>Este domingo, las actividades comenzar\u00e1n en la Plaza 1\u00b0 de Mayo a las 16 con la funci\u00f3n de &#8220;Los Son\u00e1mbulos, una historia de la ciencia en dos patadas&#8221;.&nbsp; Pasando por diversos aspectos de la ciencia en general y de la astronom\u00eda en particular, <em>Los Son\u00e1mbulos<\/em> aborda temas como el pensamiento, la responsabilidad de la ciencia ante la sociedad y los aciertos y tropiezos de los cient\u00edficos en su constante b\u00fasqueda del conocimiento.&nbsp;<\/p>\n\n\n\n<p>En<em> Los Son\u00e1mbulos<\/em> act\u00faa Gustavo Bendersky. El texto y la direcci\u00f3n es de Cristian Palacios. El dise\u00f1o de vestuario es de Susana Zilbervarg, la iluminaci\u00f3n de Juan Manuel Caputo, y la asistencia de escena de Melina Forte. La producci\u00f3n general es realizada por la Compa\u00f1\u00eda Nacional de F\u00f3sforos y Compa\u00f1\u00eda de lo Urgente. La obra -que tiene una duraci\u00f3n de 50 minutos- est\u00e1 dirigida a todo p\u00fablico, y recomendada especialmente para ni\u00f1os y ni\u00f1as a partir de los ocho a\u00f1os.<\/p>\n\n\n\n<p>A partir de las 20, las actividades se trasladan al Museo Casa Ace\u00f1olaza (F. Ace\u00f1olaza y Av. Alameda de la Bajada) con <em>De monte y de r\u00edo<\/em>, un recital de m\u00fasica e historia en homenaje a Polo Mart\u00ednez, interpretado por Silvina L\u00f3pez y Eli Rossa. En el espect\u00e1culo se podr\u00e1 disfrutar de textos y m\u00fasica de diferentes poetas y m\u00fasicos entrerrianos. Dada la capacidad limitada del espacio, se solicita realizar las reservas al 3435126724.<\/p>\n\n\n\n<p>Programa Doble forma parte de CUAC! (Cultura Activa), una producci\u00f3n que la Secretar\u00eda de Cultura desarrolla de manera anual en toda la provincia.<\/p>\n","protected":false},"excerpt":{"rendered":"<p>Se presentar\u00e1 la obra Los Son\u00e1mbulos, una historia de la ciencia en dos patadas en el ciclo Un domingo de Teatro; y el espect\u00e1culo De monte y de r\u00edo en el marco de Entre R\u00edos Cuenta. La entrada es libre y gratuita. Organiza la Secretar\u00eda de Cultura de Entre R\u00edos, en conjunto con la Municipalidad [&hellip;]<\/p>\n","protected":false},"author":5,"featured_media":13524,"comment_status":"open","ping_status":"open","sticky":false,"template":"","format":"standard","meta":{"_et_pb_use_builder":"off","_et_pb_old_content":"","_et_gb_content_width":"","footnotes":""},"categories":[1,28],"tags":[],"class_list":["post-13526","post","type-post","status-publish","format-standard","has-post-thumbnail","hentry","category-destacado","category-noticias"],"_links":{"self":[{"href":"https:\/\/www.entrerios.gov.ar\/cultura\/wp-json\/wp\/v2\/posts\/13526","targetHints":{"allow":["GET"]}}],"collection":[{"href":"https:\/\/www.entrerios.gov.ar\/cultura\/wp-json\/wp\/v2\/posts"}],"about":[{"href":"https:\/\/www.entrerios.gov.ar\/cultura\/wp-json\/wp\/v2\/types\/post"}],"author":[{"embeddable":true,"href":"https:\/\/www.entrerios.gov.ar\/cultura\/wp-json\/wp\/v2\/users\/5"}],"replies":[{"embeddable":true,"href":"https:\/\/www.entrerios.gov.ar\/cultura\/wp-json\/wp\/v2\/comments?post=13526"}],"version-history":[{"count":1,"href":"https:\/\/www.entrerios.gov.ar\/cultura\/wp-json\/wp\/v2\/posts\/13526\/revisions"}],"predecessor-version":[{"id":13527,"href":"https:\/\/www.entrerios.gov.ar\/cultura\/wp-json\/wp\/v2\/posts\/13526\/revisions\/13527"}],"wp:featuredmedia":[{"embeddable":true,"href":"https:\/\/www.entrerios.gov.ar\/cultura\/wp-json\/wp\/v2\/media\/13524"}],"wp:attachment":[{"href":"https:\/\/www.entrerios.gov.ar\/cultura\/wp-json\/wp\/v2\/media?parent=13526"}],"wp:term":[{"taxonomy":"category","embeddable":true,"href":"https:\/\/www.entrerios.gov.ar\/cultura\/wp-json\/wp\/v2\/categories?post=13526"},{"taxonomy":"post_tag","embeddable":true,"href":"https:\/\/www.entrerios.gov.ar\/cultura\/wp-json\/wp\/v2\/tags?post=13526"}],"curies":[{"name":"wp","href":"https:\/\/api.w.org\/{rel}","templated":true}]}}