{"id":13532,"date":"2025-05-15T06:40:00","date_gmt":"2025-05-15T06:40:00","guid":{"rendered":"https:\/\/www.entrerios.gov.ar\/cultura\/?p=13532"},"modified":"2025-05-16T13:28:17","modified_gmt":"2025-05-16T13:28:17","slug":"este-fin-de-semana-continuara-en-federacion-la-actividad-de-la-cinemateca-entre-rios","status":"publish","type":"post","link":"https:\/\/www.entrerios.gov.ar\/cultura\/este-fin-de-semana-continuara-en-federacion-la-actividad-de-la-cinemateca-entre-rios\/","title":{"rendered":"Este fin de semana continuar\u00e1 en Federaci\u00f3n la actividad de la Cinemateca Entre R\u00edos"},"content":{"rendered":"[et_pb_section admin_label=&#8221;section&#8221;]\n\t\t\t[et_pb_row admin_label=&#8221;row&#8221;]\n\t\t\t\t[et_pb_column type=&#8221;4_4&#8243;][et_pb_text admin_label=&#8221;Text&#8221;]\n<p>La propuesta, denominada Temporada de Rescate, apunta a reforzar con una mirada federal la recuperaci\u00f3n de pel\u00edculas y material de archivo de la provincia. Es una iniciativa impulsada por la Secretar\u00eda de Cultura provincial&nbsp; a trav\u00e9s del Instituto Aut\u00e1rquico Audiovisual de Entre R\u00edos (IAAER).<\/p>\n\n\n\n<p>La Cinemateca Entre R\u00edos es un espacio dedicado a rescatar, preservar y difundir el patrimonio audiovisual provincial. Despu\u00e9s de su visita a Urdinarrain la semana pasada, el equipo t\u00e9cnico continuar\u00e1 en Federaci\u00f3n este viernes 16, s\u00e1bado 17, y domingo 18 de mayo.<\/p>\n\n\n\n<p>Con respecto al modo de trabajo, se inform\u00f3 que viajar\u00e1 un equipo de la Cinemateca con dispositivos para revisar, digitalizar y proyectar pel\u00edculas de diferentes formatos; muchos de ellos en desuso u obsoletos, como cassettes de VHS o mini DVD, o pel\u00edculas en S\u00faper 8 o 16 mil\u00edmetros.<\/p>\n\n\n\n<p>En este sentido, interesa todo aquel material que est\u00e9 guardado, ya sea en casas particulares, en instituciones p\u00fablicas o privadas, o tambi\u00e9n archivos de canales de televisi\u00f3n, que guarden registros muy valiosos para el patrimonio de una localidad.<\/p>\n\n\n\n<p><strong>Pr\u00f3ximas visitas<\/strong><\/p>\n\n\n\n<p>La agenda programada continuar\u00e1 en Concepci\u00f3n del Uruguay del 23, 24, y 25 de mayo; m\u00e1s adelante el equipo de la Cinemateca viajar\u00e1 a La Paz el 30 y 31 de mayo y 1\u00b0 de junio. Posteriormente visitar\u00e1n Crespo del 5, 6 y 7 de junio; y para finalizar, estar\u00e1n en Paran\u00e1 entre el 7 y el 13 de julio, en donde se desarrollar\u00e1 una muestra para presentar el material recolectado.<\/p>\n\n\n\n<p><em>(Fotograf\u00eda de archivo y Prensa: IAAER)<\/em><\/p>\n[\/et_pb_text][\/et_pb_column]\n\t\t\t[\/et_pb_row]\n\t\t[\/et_pb_section]","protected":false},"excerpt":{"rendered":"<p>La propuesta, denominada Temporada de Rescate, apunta a reforzar con una mirada federal la recuperaci\u00f3n de pel\u00edculas y material de archivo de la provincia. Es una iniciativa impulsada por la Secretar\u00eda de Cultura provincial&nbsp; a trav\u00e9s del Instituto Aut\u00e1rquico Audiovisual de Entre R\u00edos (IAAER). La Cinemateca Entre R\u00edos es un espacio dedicado a rescatar, preservar [&hellip;]<\/p>\n","protected":false},"author":5,"featured_media":13533,"comment_status":"open","ping_status":"open","sticky":false,"template":"","format":"standard","meta":{"_et_pb_use_builder":"on","_et_pb_old_content":"<!-- wp:paragraph -->\n<p>La propuesta, denominada Temporada de Rescate, apunta a reforzar con una mirada federal la recuperaci\u00f3n de pel\u00edculas y material de archivo de la provincia. Es una iniciativa impulsada por la Secretar\u00eda de Cultura provincial&nbsp; a trav\u00e9s del Instituto Aut\u00e1rquico Audiovisual de Entre R\u00edos (IAAER).<\/p>\n<!-- \/wp:paragraph -->\n\n<!-- wp:paragraph -->\n<p>La Cinemateca Entre R\u00edos es un espacio dedicado a rescatar, preservar y difundir el patrimonio audiovisual provincial. Despu\u00e9s de su visita a Urdinarrain la semana pasada, el equipo t\u00e9cnico continuar\u00e1 en Federaci\u00f3n este viernes 16, s\u00e1bado 17, y domingo 18 de mayo.<\/p>\n<!-- \/wp:paragraph -->\n\n<!-- wp:paragraph -->\n<p>Con respecto al modo de trabajo, se inform\u00f3 que viajar\u00e1 un equipo de la Cinemateca con dispositivos para revisar, digitalizar y proyectar pel\u00edculas de diferentes formatos; muchos de ellos en desuso u obsoletos, como cassettes de VHS o mini DVD, o pel\u00edculas en S\u00faper 8 o 16 mil\u00edmetros.<\/p>\n<!-- \/wp:paragraph -->\n\n<!-- wp:paragraph -->\n<p>En este sentido, interesa todo aquel material que est\u00e9 guardado, ya sea en casas particulares, en instituciones p\u00fablicas o privadas, o tambi\u00e9n archivos de canales de televisi\u00f3n, que guarden registros muy valiosos para el patrimonio de una localidad.<\/p>\n<!-- \/wp:paragraph -->\n\n<!-- wp:paragraph -->\n<p><strong>Pr\u00f3ximas visitas<\/strong><\/p>\n<!-- \/wp:paragraph -->\n\n<!-- wp:paragraph -->\n<p>La agenda programada continuar\u00e1 en Concepci\u00f3n del Uruguay del 23, 24, y 25 de mayo; m\u00e1s adelante el equipo de la Cinemateca viajar\u00e1 a La Paz el 30 y 31 de mayo y 1\u00b0 de junio. Posteriormente visitar\u00e1n Crespo del 5, 6 y 7 de junio; y para finalizar, estar\u00e1n en Paran\u00e1 entre el 7 y el 13 de julio, en donde se desarrollar\u00e1 una muestra para presentar el material recolectado.<\/p>\n<!-- \/wp:paragraph -->\n\n<!-- wp:paragraph -->\n<p><em>(Fotograf\u00eda de archivo y Prensa: IAAER)<\/em><\/p>\n<!-- \/wp:paragraph -->","_et_gb_content_width":"","footnotes":""},"categories":[1,28,4],"tags":[],"class_list":["post-13532","post","type-post","status-publish","format-standard","has-post-thumbnail","hentry","category-destacado","category-noticias","category-iaaer"],"_links":{"self":[{"href":"https:\/\/www.entrerios.gov.ar\/cultura\/wp-json\/wp\/v2\/posts\/13532","targetHints":{"allow":["GET"]}}],"collection":[{"href":"https:\/\/www.entrerios.gov.ar\/cultura\/wp-json\/wp\/v2\/posts"}],"about":[{"href":"https:\/\/www.entrerios.gov.ar\/cultura\/wp-json\/wp\/v2\/types\/post"}],"author":[{"embeddable":true,"href":"https:\/\/www.entrerios.gov.ar\/cultura\/wp-json\/wp\/v2\/users\/5"}],"replies":[{"embeddable":true,"href":"https:\/\/www.entrerios.gov.ar\/cultura\/wp-json\/wp\/v2\/comments?post=13532"}],"version-history":[{"count":2,"href":"https:\/\/www.entrerios.gov.ar\/cultura\/wp-json\/wp\/v2\/posts\/13532\/revisions"}],"predecessor-version":[{"id":13563,"href":"https:\/\/www.entrerios.gov.ar\/cultura\/wp-json\/wp\/v2\/posts\/13532\/revisions\/13563"}],"wp:featuredmedia":[{"embeddable":true,"href":"https:\/\/www.entrerios.gov.ar\/cultura\/wp-json\/wp\/v2\/media\/13533"}],"wp:attachment":[{"href":"https:\/\/www.entrerios.gov.ar\/cultura\/wp-json\/wp\/v2\/media?parent=13532"}],"wp:term":[{"taxonomy":"category","embeddable":true,"href":"https:\/\/www.entrerios.gov.ar\/cultura\/wp-json\/wp\/v2\/categories?post=13532"},{"taxonomy":"post_tag","embeddable":true,"href":"https:\/\/www.entrerios.gov.ar\/cultura\/wp-json\/wp\/v2\/tags?post=13532"}],"curies":[{"name":"wp","href":"https:\/\/api.w.org\/{rel}","templated":true}]}}