{"id":13542,"date":"2025-05-15T17:21:06","date_gmt":"2025-05-15T17:21:06","guid":{"rendered":"https:\/\/www.entrerios.gov.ar\/cultura\/?p=13542"},"modified":"2025-06-14T01:00:34","modified_gmt":"2025-06-14T01:00:34","slug":"convocan-a-participar-del-encuentro-entrerriano-de-artes-visuales-2025","status":"publish","type":"post","link":"https:\/\/www.entrerios.gov.ar\/cultura\/convocan-a-participar-del-encuentro-entrerriano-de-artes-visuales-2025\/","title":{"rendered":"Convocan a participar del Encuentro Entrerriano de Artes Visuales 2025"},"content":{"rendered":"\n<p>La Secretar\u00eda de Cultura de Entre R\u00edos y el Gobierno de Chajar\u00ed convocan a artistas visuales de la provincia a participar con proyectos para las categor\u00edas Site Specific, Exposici\u00f3n y Proyecto curatorial. Los trabajos elegidos por el jurado ser\u00e1n protagonistas del evento que se realizar\u00e1 el 1, 2 y 3 de agosto de 2025 en Chajar\u00ed.&nbsp;<\/p>\n\n\n\n<p>El evento reunir\u00e1 a artistas visuales a partir de un cronograma de actividades con talleres, charlas, mesas de trabajo y un festival. El objetivo es generar v\u00ednculos entre artistas y con la comunidad, brindar formaci\u00f3n, visibilizar producciones locales y debatir pol\u00edticas p\u00fablicas para el sector.&nbsp;<\/p>\n\n\n\n<p>La convocatoria est\u00e1 destinada a artistas visuales entrerrianos, mayores de 18 a\u00f1os, que deben tener residencia en la provincia de Entre R\u00edos.<\/p>\n\n\n\n<p>Tres son las categor\u00edas a las cuales pueden postular proyectos:&nbsp;<\/p>\n\n\n\n<p>&#8211; Site Specific. Se seleccionar\u00e1 un proyecto de creaci\u00f3n a realizarse en el Centro Cultural Municipal Constantino Caballaro de la ciudad de Chajar\u00ed.<\/p>\n\n\n\n<p>&#8211; <em>Donde se curva el horizonte<\/em>. Exposici\u00f3n abierta a todas las pr\u00e1cticas art\u00edsticas que exploren el cruce entre arte y naturaleza. Se seleccionar\u00e1n entre 15 y 20 obras que formar\u00e1n parte de la exposici\u00f3n en el Centro Cultural Municipal Constantino Caballaro.<\/p>\n\n\n\n<p>&#8211; Proyecto curatorial sobre artista visual entrerriano\/a: Se seleccionar\u00e1 una propuesta curatorial que ser\u00e1 exhibida en la Galer\u00eda de arte Olga Noya.&nbsp;<\/p>\n\n\n\n<p>Los proyectos resultantes de la selecci\u00f3n percibir\u00e1n un incentivo econ\u00f3mico. El proyecto seleccionado para la categor\u00eda Site Specific recibir\u00e1 un monto de $600.000 destinados a los gastos inherentes al montaje y producci\u00f3n de la propuesta. Tres de las postulaciones de obras seleccionadas para la Exposici\u00f3n obtendr\u00e1n premios est\u00edmulo de $500.000 cada una. Finalmente, el proyecto expositivo de investigaci\u00f3n recibir\u00e1 un monto de $600.000 como est\u00edmulo.&nbsp;<\/p>\n\n\n\n<p>El jurado estar\u00e1 integrado por tres personas especializadas, designadas por la Secretar\u00eda de Cultura de Entre R\u00edos.&nbsp;<\/p>\n\n\n\n<p><strong>Inscripci\u00f3n y selecci\u00f3n<\/strong><\/p>\n\n\n\n<p>El periodo de inscripci\u00f3n est\u00e1 abierto hasta el 2 de junio con posibilidad de una pr\u00f3rroga, mediante la carga de los requerimientos dispuestos en los siguientes formularios, correspondientes a cada categor\u00eda:&nbsp;<\/p>\n\n\n\n<p>Site-specific: <a href=\"https:\/\/forms.comunicacionentrerios.com\/f\/134\/artesvisualessitespecific\" target=\"_blank\" rel=\"noreferrer noopener\">https:\/\/forms.comunicacionentrerios.com\/f\/134\/artesvisualessitespecific<\/a><\/p>\n\n\n\n<p>Exposici\u00f3n:<a href=\"https:\/\/forms.comunicacionentrerios.com\/f\/136\/artesvisualesexposicion\" target=\"_blank\" rel=\"noreferrer noopener\"> https:\/\/forms.comunicacionentrerios.com\/f\/136\/artesvisualesexposicion<\/a><\/p>\n\n\n\n<p>Proyecto curatorial: <a href=\"https:\/\/forms.comunicacionentrerios.com\/f\/135\/artesvisualescuratorial\" target=\"_blank\" rel=\"noreferrer noopener\">https:\/\/forms.comunicacionentrerios.com\/f\/135\/artesvisualescuratorial<\/a><\/p>\n\n\n\n<p>Las <strong>Bases y Condiciones<\/strong> que respaldan la Convocatoria pueden descargarse aqu\u00ed: <a href=\"https:\/\/drive.google.com\/file\/d\/1aoNBlQcv5zinBTduBViVTJ6lkykeFzBf\/view?usp=drive_link\">https:\/\/drive.google.com\/file\/d\/1aoNBlQcv5zinBTduBViVTJ6lkykeFzBf\/view?usp=drive_link<\/a><\/p>\n\n\n\n<p><strong>Para consultas<\/strong>: <a href=\"mailto:culturaartesvisualeser@gmail.com\">culturaartesvisualeser@gmail.com<\/a><\/p>\n","protected":false},"excerpt":{"rendered":"<p>La Secretar\u00eda de Cultura de Entre R\u00edos y el Gobierno de Chajar\u00ed convocan a artistas visuales de la provincia a participar con proyectos para las categor\u00edas Site Specific, Exposici\u00f3n y Proyecto curatorial. Los trabajos elegidos por el jurado ser\u00e1n protagonistas del evento que se realizar\u00e1 el 1, 2 y 3 de agosto de 2025 en [&hellip;]<\/p>\n","protected":false},"author":51,"featured_media":13525,"comment_status":"open","ping_status":"open","sticky":false,"template":"","format":"standard","meta":{"_et_pb_use_builder":"off","_et_pb_old_content":"","_et_gb_content_width":"","footnotes":""},"categories":[1,28,58],"tags":[],"class_list":["post-13542","post","type-post","status-publish","format-standard","has-post-thumbnail","hentry","category-destacado","category-noticias","category-concursos-cerrados"],"_links":{"self":[{"href":"https:\/\/www.entrerios.gov.ar\/cultura\/wp-json\/wp\/v2\/posts\/13542","targetHints":{"allow":["GET"]}}],"collection":[{"href":"https:\/\/www.entrerios.gov.ar\/cultura\/wp-json\/wp\/v2\/posts"}],"about":[{"href":"https:\/\/www.entrerios.gov.ar\/cultura\/wp-json\/wp\/v2\/types\/post"}],"author":[{"embeddable":true,"href":"https:\/\/www.entrerios.gov.ar\/cultura\/wp-json\/wp\/v2\/users\/51"}],"replies":[{"embeddable":true,"href":"https:\/\/www.entrerios.gov.ar\/cultura\/wp-json\/wp\/v2\/comments?post=13542"}],"version-history":[{"count":5,"href":"https:\/\/www.entrerios.gov.ar\/cultura\/wp-json\/wp\/v2\/posts\/13542\/revisions"}],"predecessor-version":[{"id":13554,"href":"https:\/\/www.entrerios.gov.ar\/cultura\/wp-json\/wp\/v2\/posts\/13542\/revisions\/13554"}],"wp:featuredmedia":[{"embeddable":true,"href":"https:\/\/www.entrerios.gov.ar\/cultura\/wp-json\/wp\/v2\/media\/13525"}],"wp:attachment":[{"href":"https:\/\/www.entrerios.gov.ar\/cultura\/wp-json\/wp\/v2\/media?parent=13542"}],"wp:term":[{"taxonomy":"category","embeddable":true,"href":"https:\/\/www.entrerios.gov.ar\/cultura\/wp-json\/wp\/v2\/categories?post=13542"},{"taxonomy":"post_tag","embeddable":true,"href":"https:\/\/www.entrerios.gov.ar\/cultura\/wp-json\/wp\/v2\/tags?post=13542"}],"curies":[{"name":"wp","href":"https:\/\/api.w.org\/{rel}","templated":true}]}}