{"id":13551,"date":"2025-05-17T06:11:00","date_gmt":"2025-05-17T06:11:00","guid":{"rendered":"https:\/\/www.entrerios.gov.ar\/cultura\/?p=13551"},"modified":"2025-05-15T16:11:53","modified_gmt":"2025-05-15T16:11:53","slug":"magica-llega-con-libros-y-espectaculos-a-villa-elisa","status":"publish","type":"post","link":"https:\/\/www.entrerios.gov.ar\/cultura\/magica-llega-con-libros-y-espectaculos-a-villa-elisa\/","title":{"rendered":"M\u00e1gica llega con libros y espect\u00e1culos a Villa Elisa"},"content":{"rendered":"\n<p>El s\u00e1bado 24 de mayo se realizar\u00e1 en Villa Elisa una nueva edici\u00f3n de la iniciativa impulsada por la Secretar\u00eda de Cultura de Entre R\u00edos, en articulaci\u00f3n con el municipio local. Ser\u00e1 en la Plaza San Mart\u00edn (San Mart\u00edn y Emilio Francou), a partir de las 15 con espect\u00e1culos y feria de libros y editoriales. La entrada es libre y gratuita.&nbsp;<\/p>\n\n\n\n<p>En el marco del desarrollo de la feria de libros habr\u00e1 actividades art\u00edsticas que hacen foco en las infancias. Se presentar\u00e1 la obra de teatro&nbsp;<em>Las Palabras Viajeras<\/em>&nbsp;programada para las 16:30. La puesta del Grupo Undr est\u00e1 a cargo de Irene Marcilio y Nahuel Gilbert, y pone en escena una mixtura entre actuaci\u00f3n, t\u00edteres y animaci\u00f3n de objetos.&nbsp;<\/p>\n\n\n\n<p>A las 18:30 hs se presentar\u00e1<em>&nbsp;<\/em>&#8220;Mart\u00edn Cuentos y Canciones&#8221;, con Martin Vivas. Se trata de un proyecto literario\/musical promotor y creador de contenido cultural para las infancias. A trav\u00e9s de diversas propuestas se ofrecen experiencias literarias y musicales para los m\u00e1s peque\u00f1os. La iniciativa art\u00edstica comenz\u00f3 en el a\u00f1o 2016 con el objetivo de acercar la m\u00fasica y la lectura a ni\u00f1os y ni\u00f1as.<\/p>\n\n\n\n<p><em>M\u00e1gica, la plaza de libros<\/em>&nbsp;es parte de Cuac! (Cultura Activa), un programa anual de ciclos, encuentros y eventos que la Secretar\u00eda de Cultura de Entre R\u00edos desarrolla en toda la provincia y que abarca las distintas disciplinas art\u00edsticas, con una mirada federal.&nbsp;<\/p>\n","protected":false},"excerpt":{"rendered":"<p>El s\u00e1bado 24 de mayo se realizar\u00e1 en Villa Elisa una nueva edici\u00f3n de la iniciativa impulsada por la Secretar\u00eda de Cultura de Entre R\u00edos, en articulaci\u00f3n con el municipio local. Ser\u00e1 en la Plaza San Mart\u00edn (San Mart\u00edn y Emilio Francou), a partir de las 15 con espect\u00e1culos y feria de libros y editoriales. [&hellip;]<\/p>\n","protected":false},"author":5,"featured_media":13548,"comment_status":"open","ping_status":"open","sticky":false,"template":"","format":"standard","meta":{"_et_pb_use_builder":"off","_et_pb_old_content":"","_et_gb_content_width":"","footnotes":""},"categories":[1,28],"tags":[],"class_list":["post-13551","post","type-post","status-publish","format-standard","has-post-thumbnail","hentry","category-destacado","category-noticias"],"_links":{"self":[{"href":"https:\/\/www.entrerios.gov.ar\/cultura\/wp-json\/wp\/v2\/posts\/13551","targetHints":{"allow":["GET"]}}],"collection":[{"href":"https:\/\/www.entrerios.gov.ar\/cultura\/wp-json\/wp\/v2\/posts"}],"about":[{"href":"https:\/\/www.entrerios.gov.ar\/cultura\/wp-json\/wp\/v2\/types\/post"}],"author":[{"embeddable":true,"href":"https:\/\/www.entrerios.gov.ar\/cultura\/wp-json\/wp\/v2\/users\/5"}],"replies":[{"embeddable":true,"href":"https:\/\/www.entrerios.gov.ar\/cultura\/wp-json\/wp\/v2\/comments?post=13551"}],"version-history":[{"count":1,"href":"https:\/\/www.entrerios.gov.ar\/cultura\/wp-json\/wp\/v2\/posts\/13551\/revisions"}],"predecessor-version":[{"id":13552,"href":"https:\/\/www.entrerios.gov.ar\/cultura\/wp-json\/wp\/v2\/posts\/13551\/revisions\/13552"}],"wp:featuredmedia":[{"embeddable":true,"href":"https:\/\/www.entrerios.gov.ar\/cultura\/wp-json\/wp\/v2\/media\/13548"}],"wp:attachment":[{"href":"https:\/\/www.entrerios.gov.ar\/cultura\/wp-json\/wp\/v2\/media?parent=13551"}],"wp:term":[{"taxonomy":"category","embeddable":true,"href":"https:\/\/www.entrerios.gov.ar\/cultura\/wp-json\/wp\/v2\/categories?post=13551"},{"taxonomy":"post_tag","embeddable":true,"href":"https:\/\/www.entrerios.gov.ar\/cultura\/wp-json\/wp\/v2\/tags?post=13551"}],"curies":[{"name":"wp","href":"https:\/\/api.w.org\/{rel}","templated":true}]}}