{"id":13604,"date":"2025-05-18T01:00:00","date_gmt":"2025-05-18T01:00:00","guid":{"rendered":"https:\/\/www.entrerios.gov.ar\/cultura\/?p=13604"},"modified":"2025-05-17T14:10:33","modified_gmt":"2025-05-17T14:10:33","slug":"continua-la-propuesta-de-cine-y-astronomia-en-el-iaaer","status":"publish","type":"post","link":"https:\/\/www.entrerios.gov.ar\/cultura\/continua-la-propuesta-de-cine-y-astronomia-en-el-iaaer\/","title":{"rendered":"Contin\u00faa la propuesta de cine y astronom\u00eda en el IAAER"},"content":{"rendered":"\n<p>Se proyectar\u00e1 Salyut-7 &#8211; H\u00e9roes en el espacio, del director Klim Shipenko. Ser\u00e1 el pr\u00f3ximo martes 20, a las 20, en la Sala Rub\u00e9n Noble (Gregoria Matorras 861, Paran\u00e1) y con acceso libre y gratuito. La iniciativa es impulsada por la Secretar\u00eda de Cultura de la Provincia a trav\u00e9s del Instituto Aut\u00e1rquico Audiovisual de Entre R\u00edos (IAAER).<\/p>\n\n\n\n<p>A tono con la tem\u00e1tica de la cartelera prevista, la semana pasada los espectadores que asisten habitualmente pudieron observar la luna desde un telescopio que proporcion\u00f3 el equipo de la Fundaci\u00f3n Observar, de Oro Verde.<\/p>\n\n\n\n<p>Esta programaci\u00f3n de pel\u00edculas se titula Una palabra en el cielo \u2013 Ciclo de Cine Astron\u00f3mico, y en cada funci\u00f3n se abrir\u00e1 un espacio para la conversaci\u00f3n con el p\u00fablico. Luego, la siguiente funci\u00f3n ser\u00e1 el martes 27 de mayo con Apolo 11 (2019 \u2013 Estados Unidos), del director Todd Miller.<\/p>\n\n\n\n<p>(Prensa IAAER)<\/p>\n","protected":false},"excerpt":{"rendered":"<p>Se proyectar\u00e1 Salyut-7 &#8211; H\u00e9roes en el espacio, del director Klim Shipenko. Ser\u00e1 el pr\u00f3ximo martes 20, a las 20, en la Sala Rub\u00e9n Noble (Gregoria Matorras 861, Paran\u00e1) y con acceso libre y gratuito. La iniciativa es impulsada por la Secretar\u00eda de Cultura de la Provincia a trav\u00e9s del Instituto Aut\u00e1rquico Audiovisual de Entre [&hellip;]<\/p>\n","protected":false},"author":5,"featured_media":13605,"comment_status":"open","ping_status":"open","sticky":false,"template":"","format":"standard","meta":{"_et_pb_use_builder":"off","_et_pb_old_content":"","_et_gb_content_width":"","footnotes":""},"categories":[1,28,4],"tags":[],"class_list":["post-13604","post","type-post","status-publish","format-standard","has-post-thumbnail","hentry","category-destacado","category-noticias","category-iaaer"],"_links":{"self":[{"href":"https:\/\/www.entrerios.gov.ar\/cultura\/wp-json\/wp\/v2\/posts\/13604","targetHints":{"allow":["GET"]}}],"collection":[{"href":"https:\/\/www.entrerios.gov.ar\/cultura\/wp-json\/wp\/v2\/posts"}],"about":[{"href":"https:\/\/www.entrerios.gov.ar\/cultura\/wp-json\/wp\/v2\/types\/post"}],"author":[{"embeddable":true,"href":"https:\/\/www.entrerios.gov.ar\/cultura\/wp-json\/wp\/v2\/users\/5"}],"replies":[{"embeddable":true,"href":"https:\/\/www.entrerios.gov.ar\/cultura\/wp-json\/wp\/v2\/comments?post=13604"}],"version-history":[{"count":1,"href":"https:\/\/www.entrerios.gov.ar\/cultura\/wp-json\/wp\/v2\/posts\/13604\/revisions"}],"predecessor-version":[{"id":13606,"href":"https:\/\/www.entrerios.gov.ar\/cultura\/wp-json\/wp\/v2\/posts\/13604\/revisions\/13606"}],"wp:featuredmedia":[{"embeddable":true,"href":"https:\/\/www.entrerios.gov.ar\/cultura\/wp-json\/wp\/v2\/media\/13605"}],"wp:attachment":[{"href":"https:\/\/www.entrerios.gov.ar\/cultura\/wp-json\/wp\/v2\/media?parent=13604"}],"wp:term":[{"taxonomy":"category","embeddable":true,"href":"https:\/\/www.entrerios.gov.ar\/cultura\/wp-json\/wp\/v2\/categories?post=13604"},{"taxonomy":"post_tag","embeddable":true,"href":"https:\/\/www.entrerios.gov.ar\/cultura\/wp-json\/wp\/v2\/tags?post=13604"}],"curies":[{"name":"wp","href":"https:\/\/api.w.org\/{rel}","templated":true}]}}