{"id":13607,"date":"2025-05-17T14:30:13","date_gmt":"2025-05-17T14:30:13","guid":{"rendered":"https:\/\/www.entrerios.gov.ar\/cultura\/?p=13607"},"modified":"2025-05-17T14:30:15","modified_gmt":"2025-05-17T14:30:15","slug":"los-museos-provinciales-celebraron-su-dia-con-gran-convocatoria","status":"publish","type":"post","link":"https:\/\/www.entrerios.gov.ar\/cultura\/los-museos-provinciales-celebraron-su-dia-con-gran-convocatoria\/","title":{"rendered":"Los museos provinciales celebraron su d\u00eda con gran convocatoria"},"content":{"rendered":"\n<p>Los organismos, dependientes de la Secretar\u00eda de Cultura de Entre R\u00edos, anticiparon la conmemoraci\u00f3n por el D\u00eda Internacional de los Museos, con la propuesta \u201cPasaporte cultural a los museos provinciales\u201d. La actividad se desarroll\u00f3 este viernes 16 de mayo y participaron 10 instituciones.<\/p>\n\n\n\n<p>La Secretar\u00eda de Cultura de Entre R\u00edos, a trav\u00e9s de la Direcci\u00f3n General de Museos y Patrimonio Cultural, organiz\u00f3 esta experiencia federal que reuni\u00f3 a los nueve museos provinciales y el Archivo General. El pasaporte cultural fue el documento que permiti\u00f3 a familias, instituciones educativas y p\u00fablico en general, explorar y conocer la historia y diversidad del patrimonio entrerriano.<\/p>\n\n\n\n<p>Los grupos escolares que participaron en la propuesta, compartieron sus experiencias positivas sobre la actividad. Roc\u00edo, docente de 4\u00b0 grado del Colegio Braulio P\u00e9rez Marcio, dijo que en el recorrido los chicos \u201cpudieron vivenciar lo que hablamos en el aula, as\u00ed que felicito y agradezco la gu\u00eda y la atenci\u00f3n que tuvieron con nosotros\u201d. Por su parte,&nbsp; Gisela, docente de 1\u00b0 grado de la Escuela Bartolom\u00e9 Mitre, destac\u00f3: \u201cPara muchos chicos es la primera vez que visitan un museo, as\u00ed que est\u00e1n muy emocionados\u201d.<\/p>\n\n\n\n<p>Esta actividad se llev\u00f3 a cabo en el marco del D\u00eda Internacional de los Museos, que se celebra cada 18 de mayo, y es organizada por el Consejo Internacional de Museos (ICOM).&nbsp; El tema 2025 de este evento mundial es \u201cEl futuro de los museos en comunidades en constante cambio\u201d, una invitaci\u00f3n a reimaginar el papel de los museos como conectores esenciales, innovadores y guardianes de la identidad cultural.<\/p>\n\n\n\n<figure class=\"wp-block-image\"><img loading=\"lazy\" decoding=\"async\" width=\"1600\" height=\"1067\" src=\"https:\/\/www.entrerios.gov.ar\/cultura\/wp-content\/uploads\/2025\/05\/AD_4nXdDEYW4REqfCoWoGIV8Fi1oBmy7lbBwt0XDStt3CU5CQYc4_Q8K3mAQMYBpjFtt_WvfbJrkcqlyb6gVW4SfylWeWKVBZBF5bZvhRecnEyJ8dUSVMohjKSlQcjl8ZFbhjLIxyB8Z5A.jpg\" alt=\"\" class=\"wp-image-13609\" srcset=\"https:\/\/www.entrerios.gov.ar\/cultura\/wp-content\/uploads\/2025\/05\/AD_4nXdDEYW4REqfCoWoGIV8Fi1oBmy7lbBwt0XDStt3CU5CQYc4_Q8K3mAQMYBpjFtt_WvfbJrkcqlyb6gVW4SfylWeWKVBZBF5bZvhRecnEyJ8dUSVMohjKSlQcjl8ZFbhjLIxyB8Z5A.jpg 1600w, https:\/\/www.entrerios.gov.ar\/cultura\/wp-content\/uploads\/2025\/05\/AD_4nXdDEYW4REqfCoWoGIV8Fi1oBmy7lbBwt0XDStt3CU5CQYc4_Q8K3mAQMYBpjFtt_WvfbJrkcqlyb6gVW4SfylWeWKVBZBF5bZvhRecnEyJ8dUSVMohjKSlQcjl8ZFbhjLIxyB8Z5A-1280x854.jpg 1280w, https:\/\/www.entrerios.gov.ar\/cultura\/wp-content\/uploads\/2025\/05\/AD_4nXdDEYW4REqfCoWoGIV8Fi1oBmy7lbBwt0XDStt3CU5CQYc4_Q8K3mAQMYBpjFtt_WvfbJrkcqlyb6gVW4SfylWeWKVBZBF5bZvhRecnEyJ8dUSVMohjKSlQcjl8ZFbhjLIxyB8Z5A-980x654.jpg 980w, https:\/\/www.entrerios.gov.ar\/cultura\/wp-content\/uploads\/2025\/05\/AD_4nXdDEYW4REqfCoWoGIV8Fi1oBmy7lbBwt0XDStt3CU5CQYc4_Q8K3mAQMYBpjFtt_WvfbJrkcqlyb6gVW4SfylWeWKVBZBF5bZvhRecnEyJ8dUSVMohjKSlQcjl8ZFbhjLIxyB8Z5A-480x320.jpg 480w\" sizes=\"auto, (min-width: 0px) and (max-width: 480px) 480px, (min-width: 481px) and (max-width: 980px) 980px, (min-width: 981px) and (max-width: 1280px) 1280px, (min-width: 1281px) 1600px, 100vw\" \/><\/figure>\n\n\n\n<p>Los museos que participaron fueron el Museo Hist\u00f3rico de Entre R\u00edos \u201cMartiniano Leguizam\u00f3n\u201d, Museo Provincial de Bellas Artes \u201cDr. Pedro E. Mart\u00ednez\u201d, Museo Provincial de Ciencias Naturales y Antropol\u00f3gicas \u201cProfesor Antonio Serrano\u201d, Museo Casa de Gobierno, Museo y Mercado Provincial de Artesan\u00edas \u201cCarlos Asiain\u201d, Museo Provincial Hogar Escuela \u201cEva Per\u00f3n\u201d, Museo Provincial de Dibujo y Grabado \u201cArtemio Alisio\u201d de Concepci\u00f3n del Uruguay,&nbsp; Museo Molino Forclaz de Col\u00f3n, Museo Provincial de la Imagen de Concordia y el Archivo General de Entre R\u00edos.<\/p>\n","protected":false},"excerpt":{"rendered":"<p>Los organismos, dependientes de la Secretar\u00eda de Cultura de Entre R\u00edos, anticiparon la conmemoraci\u00f3n por el D\u00eda Internacional de los Museos, con la propuesta \u201cPasaporte cultural a los museos provinciales\u201d. La actividad se desarroll\u00f3 este viernes 16 de mayo y participaron 10 instituciones. La Secretar\u00eda de Cultura de Entre R\u00edos, a trav\u00e9s de la Direcci\u00f3n [&hellip;]<\/p>\n","protected":false},"author":5,"featured_media":13608,"comment_status":"open","ping_status":"open","sticky":false,"template":"","format":"standard","meta":{"_et_pb_use_builder":"off","_et_pb_old_content":"","_et_gb_content_width":"","footnotes":""},"categories":[1,28,7,9,11,8,12,10,14,13],"tags":[],"class_list":["post-13607","post","type-post","status-publish","format-standard","has-post-thumbnail","hentry","category-destacado","category-noticias","category-archivo-general","category-museo-bellas-artes","category-museo-casa-de-gobierno","category-museo-ciencias-naturales","category-museo-de-la-imagen","category-museo-historico","category-museo-hogar-escuela-eva-peron","category-museo-molino-forclaz"],"_links":{"self":[{"href":"https:\/\/www.entrerios.gov.ar\/cultura\/wp-json\/wp\/v2\/posts\/13607","targetHints":{"allow":["GET"]}}],"collection":[{"href":"https:\/\/www.entrerios.gov.ar\/cultura\/wp-json\/wp\/v2\/posts"}],"about":[{"href":"https:\/\/www.entrerios.gov.ar\/cultura\/wp-json\/wp\/v2\/types\/post"}],"author":[{"embeddable":true,"href":"https:\/\/www.entrerios.gov.ar\/cultura\/wp-json\/wp\/v2\/users\/5"}],"replies":[{"embeddable":true,"href":"https:\/\/www.entrerios.gov.ar\/cultura\/wp-json\/wp\/v2\/comments?post=13607"}],"version-history":[{"count":1,"href":"https:\/\/www.entrerios.gov.ar\/cultura\/wp-json\/wp\/v2\/posts\/13607\/revisions"}],"predecessor-version":[{"id":13610,"href":"https:\/\/www.entrerios.gov.ar\/cultura\/wp-json\/wp\/v2\/posts\/13607\/revisions\/13610"}],"wp:featuredmedia":[{"embeddable":true,"href":"https:\/\/www.entrerios.gov.ar\/cultura\/wp-json\/wp\/v2\/media\/13608"}],"wp:attachment":[{"href":"https:\/\/www.entrerios.gov.ar\/cultura\/wp-json\/wp\/v2\/media?parent=13607"}],"wp:term":[{"taxonomy":"category","embeddable":true,"href":"https:\/\/www.entrerios.gov.ar\/cultura\/wp-json\/wp\/v2\/categories?post=13607"},{"taxonomy":"post_tag","embeddable":true,"href":"https:\/\/www.entrerios.gov.ar\/cultura\/wp-json\/wp\/v2\/tags?post=13607"}],"curies":[{"name":"wp","href":"https:\/\/api.w.org\/{rel}","templated":true}]}}