{"id":13614,"date":"2025-05-19T14:16:01","date_gmt":"2025-05-19T14:16:01","guid":{"rendered":"https:\/\/www.entrerios.gov.ar\/cultura\/?p=13614"},"modified":"2025-05-19T14:16:03","modified_gmt":"2025-05-19T14:16:03","slug":"programa-doble-se-presento-en-villa-urquiza-con-un-espectaculo-para-las-infancias-y-homenaje-a-polo-martinez","status":"publish","type":"post","link":"https:\/\/www.entrerios.gov.ar\/cultura\/programa-doble-se-presento-en-villa-urquiza-con-un-espectaculo-para-las-infancias-y-homenaje-a-polo-martinez\/","title":{"rendered":"Programa Doble se present\u00f3 en Villa Urquiza con un espect\u00e1culo para las infancias y homenaje a Polo Mart\u00ednez"},"content":{"rendered":"\n<p>Este domingo se present\u00f3 la obra<em> Los Son\u00e1mbulos, una historia de la ciencia en dos patadas<\/em> y el espect\u00e1culo <em>De monte y de r\u00edo. <\/em>Las actividades contaron con importante presencia de p\u00fablico y se realizaron de manera gratuita. Organiz\u00f3 la Secretar\u00eda de Cultura de Entre R\u00edos, en conjunto con la Municipalidad de Villa Urquiza.&nbsp;<\/p>\n\n\n\n<p>La propuesta comenz\u00f3 en el Sal\u00f3n Parroquial Padre Boxler a las 16 con la funci\u00f3n de <em>Los Son\u00e1mbulos, una historia de la ciencia en dos patadas, <\/em>donde actu\u00f3 Gustavo Bendersky. La producci\u00f3n de la Compa\u00f1\u00eda Nacional de F\u00f3sforos y Compa\u00f1\u00eda de lo Urgente, se present\u00f3 en el marco del Ciclo Un Domingo de Teatro.&nbsp;<\/p>\n\n\n\n<figure class=\"wp-block-image\"><img loading=\"lazy\" decoding=\"async\" width=\"1600\" height=\"1067\" src=\"https:\/\/www.entrerios.gov.ar\/cultura\/wp-content\/uploads\/2025\/05\/AD_4nXf3_fp7xHwrbvgNO1HwvYFHEL7LsSgOswYvjTSpI5lruE9iT1BaRvtKbyhEF9J0dIdwKSGYc_nkN_RRtBHhRjFANVTZYoq3JQgCUMhVDGs3-T6lNo9SW_qlj1fziv0rhPEU0-qgHg.jpg\" alt=\"\" class=\"wp-image-13618\" srcset=\"https:\/\/www.entrerios.gov.ar\/cultura\/wp-content\/uploads\/2025\/05\/AD_4nXf3_fp7xHwrbvgNO1HwvYFHEL7LsSgOswYvjTSpI5lruE9iT1BaRvtKbyhEF9J0dIdwKSGYc_nkN_RRtBHhRjFANVTZYoq3JQgCUMhVDGs3-T6lNo9SW_qlj1fziv0rhPEU0-qgHg.jpg 1600w, https:\/\/www.entrerios.gov.ar\/cultura\/wp-content\/uploads\/2025\/05\/AD_4nXf3_fp7xHwrbvgNO1HwvYFHEL7LsSgOswYvjTSpI5lruE9iT1BaRvtKbyhEF9J0dIdwKSGYc_nkN_RRtBHhRjFANVTZYoq3JQgCUMhVDGs3-T6lNo9SW_qlj1fziv0rhPEU0-qgHg-1280x854.jpg 1280w, https:\/\/www.entrerios.gov.ar\/cultura\/wp-content\/uploads\/2025\/05\/AD_4nXf3_fp7xHwrbvgNO1HwvYFHEL7LsSgOswYvjTSpI5lruE9iT1BaRvtKbyhEF9J0dIdwKSGYc_nkN_RRtBHhRjFANVTZYoq3JQgCUMhVDGs3-T6lNo9SW_qlj1fziv0rhPEU0-qgHg-980x654.jpg 980w, https:\/\/www.entrerios.gov.ar\/cultura\/wp-content\/uploads\/2025\/05\/AD_4nXf3_fp7xHwrbvgNO1HwvYFHEL7LsSgOswYvjTSpI5lruE9iT1BaRvtKbyhEF9J0dIdwKSGYc_nkN_RRtBHhRjFANVTZYoq3JQgCUMhVDGs3-T6lNo9SW_qlj1fziv0rhPEU0-qgHg-480x320.jpg 480w\" sizes=\"auto, (min-width: 0px) and (max-width: 480px) 480px, (min-width: 481px) and (max-width: 980px) 980px, (min-width: 981px) and (max-width: 1280px) 1280px, (min-width: 1281px) 1600px, 100vw\" \/><\/figure>\n\n\n\n<p>A partir de las 20, las actividades se trasladaron al Museo Casa Ace\u00f1olaza con <em>De monte y de r\u00edo<\/em>, un recital de m\u00fasica e historias, interpretado por Silvina L\u00f3pez y Eli Rossa. En el espect\u00e1culo se pudo disfrutar de textos y m\u00fasica de diferentes poetas y m\u00fasicos entrerrianos. \u201cTuvimos un p\u00fablico precioso, una cantidad de gente receptiva que nos recibi\u00f3 muy bien\u201d, destac\u00f3 Silvina L\u00f3pez.&nbsp;<\/p>\n\n\n\n<p>Previamente, la familia de Polo Mart\u00ednez don\u00f3 al museo un retrato del artista realizado por Linares Cardozo. \u201cMi padre fue un poeta de la costa que dedic\u00f3 su vida a describir el paisaje y la gente del r\u00edo Paran\u00e1. Fue un domingo muy especial\u201d, destac\u00f3 Mario Mart\u00ednez.<\/p>\n\n\n\n<figure class=\"wp-block-image\"><img loading=\"lazy\" decoding=\"async\" width=\"1600\" height=\"1067\" src=\"https:\/\/www.entrerios.gov.ar\/cultura\/wp-content\/uploads\/2025\/05\/AD_4nXc8gYAAXPbuwub-Y-rgZzCUK0kCf0lKJn1WeRN7BDcB8cwORKj8ApFtwGuPVLl3gv8jwfcEW839b7Z3iiUAowN9gmEm2ltgnt4f0GV_B5qqLo9rzK1cltHoMIR2JF8LEcEkacm0Ig.jpg\" alt=\"\" class=\"wp-image-13619\" srcset=\"https:\/\/www.entrerios.gov.ar\/cultura\/wp-content\/uploads\/2025\/05\/AD_4nXc8gYAAXPbuwub-Y-rgZzCUK0kCf0lKJn1WeRN7BDcB8cwORKj8ApFtwGuPVLl3gv8jwfcEW839b7Z3iiUAowN9gmEm2ltgnt4f0GV_B5qqLo9rzK1cltHoMIR2JF8LEcEkacm0Ig.jpg 1600w, https:\/\/www.entrerios.gov.ar\/cultura\/wp-content\/uploads\/2025\/05\/AD_4nXc8gYAAXPbuwub-Y-rgZzCUK0kCf0lKJn1WeRN7BDcB8cwORKj8ApFtwGuPVLl3gv8jwfcEW839b7Z3iiUAowN9gmEm2ltgnt4f0GV_B5qqLo9rzK1cltHoMIR2JF8LEcEkacm0Ig-1280x854.jpg 1280w, https:\/\/www.entrerios.gov.ar\/cultura\/wp-content\/uploads\/2025\/05\/AD_4nXc8gYAAXPbuwub-Y-rgZzCUK0kCf0lKJn1WeRN7BDcB8cwORKj8ApFtwGuPVLl3gv8jwfcEW839b7Z3iiUAowN9gmEm2ltgnt4f0GV_B5qqLo9rzK1cltHoMIR2JF8LEcEkacm0Ig-980x654.jpg 980w, https:\/\/www.entrerios.gov.ar\/cultura\/wp-content\/uploads\/2025\/05\/AD_4nXc8gYAAXPbuwub-Y-rgZzCUK0kCf0lKJn1WeRN7BDcB8cwORKj8ApFtwGuPVLl3gv8jwfcEW839b7Z3iiUAowN9gmEm2ltgnt4f0GV_B5qqLo9rzK1cltHoMIR2JF8LEcEkacm0Ig-480x320.jpg 480w\" sizes=\"auto, (min-width: 0px) and (max-width: 480px) 480px, (min-width: 481px) and (max-width: 980px) 980px, (min-width: 981px) and (max-width: 1280px) 1280px, (min-width: 1281px) 1600px, 100vw\" \/><\/figure>\n\n\n\n<p>Pablo Ace\u00f1olaza, director de Museo Casa Ace\u00f1olaza, tambi\u00e9n valor\u00f3 positivamente la actividad: \u201cEstamos muy contentos de recibir a la Secretar\u00eda de Cultura con Programa Doble y muy agradecidos por este apoyo a los museos regionales\u201d.&nbsp;<\/p>\n\n\n\n<p>El ciclo Programa Doble forma parte de CUAC! (Cultura Activa), una producci\u00f3n que la Secretar\u00eda de Cultura desarrolla de manera anual en toda la provincia.<\/p>\n","protected":false},"excerpt":{"rendered":"<p>Este domingo se present\u00f3 la obra Los Son\u00e1mbulos, una historia de la ciencia en dos patadas y el espect\u00e1culo De monte y de r\u00edo. Las actividades contaron con importante presencia de p\u00fablico y se realizaron de manera gratuita. Organiz\u00f3 la Secretar\u00eda de Cultura de Entre R\u00edos, en conjunto con la Municipalidad de Villa Urquiza.&nbsp; La [&hellip;]<\/p>\n","protected":false},"author":5,"featured_media":13617,"comment_status":"open","ping_status":"open","sticky":false,"template":"","format":"standard","meta":{"_et_pb_use_builder":"off","_et_pb_old_content":"","_et_gb_content_width":"","footnotes":""},"categories":[1,28],"tags":[],"class_list":["post-13614","post","type-post","status-publish","format-standard","has-post-thumbnail","hentry","category-destacado","category-noticias"],"_links":{"self":[{"href":"https:\/\/www.entrerios.gov.ar\/cultura\/wp-json\/wp\/v2\/posts\/13614","targetHints":{"allow":["GET"]}}],"collection":[{"href":"https:\/\/www.entrerios.gov.ar\/cultura\/wp-json\/wp\/v2\/posts"}],"about":[{"href":"https:\/\/www.entrerios.gov.ar\/cultura\/wp-json\/wp\/v2\/types\/post"}],"author":[{"embeddable":true,"href":"https:\/\/www.entrerios.gov.ar\/cultura\/wp-json\/wp\/v2\/users\/5"}],"replies":[{"embeddable":true,"href":"https:\/\/www.entrerios.gov.ar\/cultura\/wp-json\/wp\/v2\/comments?post=13614"}],"version-history":[{"count":2,"href":"https:\/\/www.entrerios.gov.ar\/cultura\/wp-json\/wp\/v2\/posts\/13614\/revisions"}],"predecessor-version":[{"id":13620,"href":"https:\/\/www.entrerios.gov.ar\/cultura\/wp-json\/wp\/v2\/posts\/13614\/revisions\/13620"}],"wp:featuredmedia":[{"embeddable":true,"href":"https:\/\/www.entrerios.gov.ar\/cultura\/wp-json\/wp\/v2\/media\/13617"}],"wp:attachment":[{"href":"https:\/\/www.entrerios.gov.ar\/cultura\/wp-json\/wp\/v2\/media?parent=13614"}],"wp:term":[{"taxonomy":"category","embeddable":true,"href":"https:\/\/www.entrerios.gov.ar\/cultura\/wp-json\/wp\/v2\/categories?post=13614"},{"taxonomy":"post_tag","embeddable":true,"href":"https:\/\/www.entrerios.gov.ar\/cultura\/wp-json\/wp\/v2\/tags?post=13614"}],"curies":[{"name":"wp","href":"https:\/\/api.w.org\/{rel}","templated":true}]}}