{"id":13624,"date":"2025-05-21T12:56:09","date_gmt":"2025-05-21T12:56:09","guid":{"rendered":"https:\/\/www.entrerios.gov.ar\/cultura\/?p=13624"},"modified":"2025-05-21T12:56:10","modified_gmt":"2025-05-21T12:56:10","slug":"se-realizara-una-gala-patria-en-el-teatro-3-de-febrero-de-parana","status":"publish","type":"post","link":"https:\/\/www.entrerios.gov.ar\/cultura\/se-realizara-una-gala-patria-en-el-teatro-3-de-febrero-de-parana\/","title":{"rendered":"Se realizar\u00e1 una Gala Patria en el Teatro 3 de Febrero de Paran\u00e1"},"content":{"rendered":"\n<p>Ser\u00e1 este s\u00e1bado 24 de mayo a las 20:30. La actividad ser\u00e1 con entrada libre y gratuita, por orden de llegada y sin retiro previo. Organiza la Municipalidad de Paran\u00e1 junto al Gobierno de Entre R\u00edos.<\/p>\n\n\n\n<p>En v\u00edsperas del 25 de Mayo, la Gala Patria invita a conmemorar uno de los momentos fundacionales de nuestra historia: la Revoluci\u00f3n de Mayo de 1810, que marc\u00f3 el inicio del proceso de independencia y la formaci\u00f3n de un gobierno propio en el R\u00edo de la Plata. A trav\u00e9s del arte, esta celebraci\u00f3n busca revalorizar nuestra identidad y rendir homenaje a quienes forjaron los ideales de libertad, participaci\u00f3n y construcci\u00f3n colectiva.<br>La propuesta art\u00edstica estar\u00e1 a cargo de Cauce Litoral, un ensamble integrado por m\u00e1s de 40 j\u00f3venes m\u00fasicos y bailarines de Paran\u00e1 y distintas localidades entrerrianas. Se presentar\u00e1n con una formaci\u00f3n de 10 m\u00fasicos en escena y 16 bailarines, en un espect\u00e1culo que fusiona la tradici\u00f3n litorale\u00f1a con una mirada contempor\u00e1nea.<\/p>\n","protected":false},"excerpt":{"rendered":"<p>Ser\u00e1 este s\u00e1bado 24 de mayo a las 20:30. La actividad ser\u00e1 con entrada libre y gratuita, por orden de llegada y sin retiro previo. Organiza la Municipalidad de Paran\u00e1 junto al Gobierno de Entre R\u00edos. En v\u00edsperas del 25 de Mayo, la Gala Patria invita a conmemorar uno de los momentos fundacionales de nuestra [&hellip;]<\/p>\n","protected":false},"author":5,"featured_media":13625,"comment_status":"open","ping_status":"open","sticky":false,"template":"","format":"standard","meta":{"_et_pb_use_builder":"off","_et_pb_old_content":"","_et_gb_content_width":"","footnotes":""},"categories":[1,28],"tags":[],"class_list":["post-13624","post","type-post","status-publish","format-standard","has-post-thumbnail","hentry","category-destacado","category-noticias"],"_links":{"self":[{"href":"https:\/\/www.entrerios.gov.ar\/cultura\/wp-json\/wp\/v2\/posts\/13624","targetHints":{"allow":["GET"]}}],"collection":[{"href":"https:\/\/www.entrerios.gov.ar\/cultura\/wp-json\/wp\/v2\/posts"}],"about":[{"href":"https:\/\/www.entrerios.gov.ar\/cultura\/wp-json\/wp\/v2\/types\/post"}],"author":[{"embeddable":true,"href":"https:\/\/www.entrerios.gov.ar\/cultura\/wp-json\/wp\/v2\/users\/5"}],"replies":[{"embeddable":true,"href":"https:\/\/www.entrerios.gov.ar\/cultura\/wp-json\/wp\/v2\/comments?post=13624"}],"version-history":[{"count":1,"href":"https:\/\/www.entrerios.gov.ar\/cultura\/wp-json\/wp\/v2\/posts\/13624\/revisions"}],"predecessor-version":[{"id":13626,"href":"https:\/\/www.entrerios.gov.ar\/cultura\/wp-json\/wp\/v2\/posts\/13624\/revisions\/13626"}],"wp:featuredmedia":[{"embeddable":true,"href":"https:\/\/www.entrerios.gov.ar\/cultura\/wp-json\/wp\/v2\/media\/13625"}],"wp:attachment":[{"href":"https:\/\/www.entrerios.gov.ar\/cultura\/wp-json\/wp\/v2\/media?parent=13624"}],"wp:term":[{"taxonomy":"category","embeddable":true,"href":"https:\/\/www.entrerios.gov.ar\/cultura\/wp-json\/wp\/v2\/categories?post=13624"},{"taxonomy":"post_tag","embeddable":true,"href":"https:\/\/www.entrerios.gov.ar\/cultura\/wp-json\/wp\/v2\/tags?post=13624"}],"curies":[{"name":"wp","href":"https:\/\/api.w.org\/{rel}","templated":true}]}}