{"id":13627,"date":"2025-05-21T15:58:33","date_gmt":"2025-05-21T15:58:33","guid":{"rendered":"https:\/\/www.entrerios.gov.ar\/cultura\/?p=13627"},"modified":"2025-05-21T20:43:46","modified_gmt":"2025-05-21T20:43:46","slug":"encuentro-entrerriano-de-musica-difundieron-los-seleccionados-de-la-convocatoria-de-obra-inedita","status":"publish","type":"post","link":"https:\/\/www.entrerios.gov.ar\/cultura\/encuentro-entrerriano-de-musica-difundieron-los-seleccionados-de-la-convocatoria-de-obra-inedita\/","title":{"rendered":"Encuentro Entrerriano de M\u00fasica: Difundieron los seleccionados de la convocatoria de obra in\u00e9dita\u00a0"},"content":{"rendered":"\n<p>Son doce seleccionados que percibir\u00e1n un cachet y participar\u00e1n del evento, que se realizar\u00e1 del 20 al 22 de junio en Diamante. Se destac\u00f3 el car\u00e1cter federal de la iniciativa, impulsada por la Secretar\u00eda de Cultura de Entre R\u00edos junto al municipio local.<\/p>\n\n\n\n<p><strong>Las obras seleccionadas son:<\/strong><\/p>\n\n\n\n<p>\u201cD\u00eda de r\u00edo\u201d Juan Mart\u00edn Caraballo (Gualeguay);<\/p>\n\n\n\n<p>\u201cInspira\u201d Santiago Flores (Villaguay);&nbsp;<\/p>\n\n\n\n<p>\u201cEn mi tierra\u201d Hebe Valentina \u00c1lvarez (Villaguay);&nbsp;<\/p>\n\n\n\n<p>\u201cEl duende del monte\u201d Juan Pablo Sartori (Larroque);&nbsp;<\/p>\n\n\n\n<p>\u201cTesoro\u201d Claudio Galv\u00e1n (Concepci\u00f3n del Uruguay);&nbsp;<\/p>\n\n\n\n<p>\u201cEn espiral\u201d Facundo Spinelli\u201d (Concordia);&nbsp;<\/p>\n\n\n\n<p>\u201cEspiritual\u201d Lisandro Lino (Federaci\u00f3n);&nbsp;<\/p>\n\n\n\n<p>\u201cEntre R\u00edos\u201d Pamela Padilla (Concordia);&nbsp;<\/p>\n\n\n\n<p>\u201cOtro lugar\u201d Francisco Torres (Viale);&nbsp;<\/p>\n\n\n\n<p>\u201cWhispers\u201d (Susurros) Constanza Sanguineri (Paran\u00e1);&nbsp;<\/p>\n\n\n\n<p>\u201cMitchell\u201d Emilia Cersofio (Paran\u00e1);&nbsp;<\/p>\n\n\n\n<p>\u201cOrillas\u201d Agustina Pietroboni (Concepci\u00f3n del Uruguay).<\/p>\n\n\n\n<p>Para el concurso se postularon m\u00e1s de 100 obras que fueron evaluadas por un jurado integrado por Paulina Lemes, licenciada en Artes y docente; Marcia M\u00fcller, docente, artista e investigadora; y Sebasti\u00e1n Bergalio, productor.&nbsp;&nbsp;&nbsp;<\/p>\n\n\n\n<p>El Encuentro Entrerriano de M\u00fasica tiene como objetivo impulsar la creaci\u00f3n de m\u00fasica popular y contribuir a la ampliaci\u00f3n del repertorio entrerriano en sus diferentes g\u00e9neros. La programaci\u00f3n incluye conversatorios sobre gesti\u00f3n y producci\u00f3n, charlas informativas del Instituto Nacional de la M\u00fasica (INAMU), micr\u00f3fono abierto y presentaciones en vivo, adem\u00e1s de propuestas para infancias y escuelas. Es parte del programa anual CUAC! (Cultura Activa), una iniciativa de la Secretar\u00eda de Cultura de Entre R\u00edos que agrupa distintas propuestas itinerantes, con una mirada federal.<\/p>\n\n\n\n<p><em>Foto de Portada: Archivo SCER.-<\/em><\/p>\n","protected":false},"excerpt":{"rendered":"<p>Son doce seleccionados que percibir\u00e1n un cachet y participar\u00e1n del evento, que se realizar\u00e1 del 20 al 22 de junio en Diamante. Se destac\u00f3 el car\u00e1cter federal de la iniciativa, impulsada por la Secretar\u00eda de Cultura de Entre R\u00edos junto al municipio local. Las obras seleccionadas son: \u201cD\u00eda de r\u00edo\u201d Juan Mart\u00edn Caraballo (Gualeguay); \u201cInspira\u201d [&hellip;]<\/p>\n","protected":false},"author":5,"featured_media":13623,"comment_status":"open","ping_status":"open","sticky":false,"template":"","format":"standard","meta":{"_et_pb_use_builder":"off","_et_pb_old_content":"","_et_gb_content_width":"","footnotes":""},"categories":[1,28,58],"tags":[],"class_list":["post-13627","post","type-post","status-publish","format-standard","has-post-thumbnail","hentry","category-destacado","category-noticias","category-concursos-cerrados"],"_links":{"self":[{"href":"https:\/\/www.entrerios.gov.ar\/cultura\/wp-json\/wp\/v2\/posts\/13627","targetHints":{"allow":["GET"]}}],"collection":[{"href":"https:\/\/www.entrerios.gov.ar\/cultura\/wp-json\/wp\/v2\/posts"}],"about":[{"href":"https:\/\/www.entrerios.gov.ar\/cultura\/wp-json\/wp\/v2\/types\/post"}],"author":[{"embeddable":true,"href":"https:\/\/www.entrerios.gov.ar\/cultura\/wp-json\/wp\/v2\/users\/5"}],"replies":[{"embeddable":true,"href":"https:\/\/www.entrerios.gov.ar\/cultura\/wp-json\/wp\/v2\/comments?post=13627"}],"version-history":[{"count":1,"href":"https:\/\/www.entrerios.gov.ar\/cultura\/wp-json\/wp\/v2\/posts\/13627\/revisions"}],"predecessor-version":[{"id":13628,"href":"https:\/\/www.entrerios.gov.ar\/cultura\/wp-json\/wp\/v2\/posts\/13627\/revisions\/13628"}],"wp:featuredmedia":[{"embeddable":true,"href":"https:\/\/www.entrerios.gov.ar\/cultura\/wp-json\/wp\/v2\/media\/13623"}],"wp:attachment":[{"href":"https:\/\/www.entrerios.gov.ar\/cultura\/wp-json\/wp\/v2\/media?parent=13627"}],"wp:term":[{"taxonomy":"category","embeddable":true,"href":"https:\/\/www.entrerios.gov.ar\/cultura\/wp-json\/wp\/v2\/categories?post=13627"},{"taxonomy":"post_tag","embeddable":true,"href":"https:\/\/www.entrerios.gov.ar\/cultura\/wp-json\/wp\/v2\/tags?post=13627"}],"curies":[{"name":"wp","href":"https:\/\/api.w.org\/{rel}","templated":true}]}}