{"id":13629,"date":"2025-05-21T20:41:58","date_gmt":"2025-05-21T20:41:58","guid":{"rendered":"https:\/\/www.entrerios.gov.ar\/cultura\/?p=13629"},"modified":"2025-05-21T20:41:59","modified_gmt":"2025-05-21T20:41:59","slug":"el-ciclo-la-novela-entrerriana-tuvo-un-nuevo-encuentro-en-parana","status":"publish","type":"post","link":"https:\/\/www.entrerios.gov.ar\/cultura\/el-ciclo-la-novela-entrerriana-tuvo-un-nuevo-encuentro-en-parana\/","title":{"rendered":"El ciclo La Novela Entrerriana tuvo un nuevo encuentro en Paran\u00e1"},"content":{"rendered":"\n<p>Fue este martes en la Biblioteca Provincial. Con la premisa de activar colectivamente el patrimonio literario de la instituci\u00f3n, la jornada volvi\u00f3 a convocar a la comunidad para compartir lecturas e intercambios en torno a la narrativa escrita en la provincia.<\/p>\n\n\n\n<p>Este encuentro marc\u00f3 el cierre de la lectura de Historia de una expresi\u00f3n (1947), novela de la escritora paranaense Ana Mar\u00eda Garasino. La actividad estuvo a cargo de Mat\u00edas Arm\u00e1ndola, coordinador de la Biblioteca Provincial y de los profesores Ivana Poletti y Kevin Jones, quienes propusieron distintas entradas al texto, estimulando el di\u00e1logo con los asistentes.<\/p>\n\n\n\n<p>Con este compromiso, el organismo dependiente de la Secretar\u00eda de Cultura de Entre R\u00edos,&nbsp; reafirma su proyecci\u00f3n como un \u00e1mbito de intercambio abierto y participativo, promoviendo no solo la conservaci\u00f3n y preservaci\u00f3n de la bibliograf\u00eda entrerriana, sino tambi\u00e9n la difusi\u00f3n.<\/p>\n\n\n\n<figure class=\"wp-block-image\"><img loading=\"lazy\" decoding=\"async\" width=\"1600\" height=\"1067\" src=\"https:\/\/www.entrerios.gov.ar\/cultura\/wp-content\/uploads\/2025\/05\/AD_4nXcJA7f-jkKwGxym1-q_TE8H-wO3Vf7txjJmM9tVYpd476k_yFTR8lFHajGRHNH_3yN25WpMw-qxw9OD3eltfZsEJhpEwbKQRgRrNvm1dV19Dwpeu9IjsT1LyE2uAjsYevOfiCg5pQ.jpg\" alt=\"\" class=\"wp-image-13632\" srcset=\"https:\/\/www.entrerios.gov.ar\/cultura\/wp-content\/uploads\/2025\/05\/AD_4nXcJA7f-jkKwGxym1-q_TE8H-wO3Vf7txjJmM9tVYpd476k_yFTR8lFHajGRHNH_3yN25WpMw-qxw9OD3eltfZsEJhpEwbKQRgRrNvm1dV19Dwpeu9IjsT1LyE2uAjsYevOfiCg5pQ.jpg 1600w, https:\/\/www.entrerios.gov.ar\/cultura\/wp-content\/uploads\/2025\/05\/AD_4nXcJA7f-jkKwGxym1-q_TE8H-wO3Vf7txjJmM9tVYpd476k_yFTR8lFHajGRHNH_3yN25WpMw-qxw9OD3eltfZsEJhpEwbKQRgRrNvm1dV19Dwpeu9IjsT1LyE2uAjsYevOfiCg5pQ-1280x854.jpg 1280w, https:\/\/www.entrerios.gov.ar\/cultura\/wp-content\/uploads\/2025\/05\/AD_4nXcJA7f-jkKwGxym1-q_TE8H-wO3Vf7txjJmM9tVYpd476k_yFTR8lFHajGRHNH_3yN25WpMw-qxw9OD3eltfZsEJhpEwbKQRgRrNvm1dV19Dwpeu9IjsT1LyE2uAjsYevOfiCg5pQ-980x654.jpg 980w, https:\/\/www.entrerios.gov.ar\/cultura\/wp-content\/uploads\/2025\/05\/AD_4nXcJA7f-jkKwGxym1-q_TE8H-wO3Vf7txjJmM9tVYpd476k_yFTR8lFHajGRHNH_3yN25WpMw-qxw9OD3eltfZsEJhpEwbKQRgRrNvm1dV19Dwpeu9IjsT1LyE2uAjsYevOfiCg5pQ-480x320.jpg 480w\" sizes=\"auto, (min-width: 0px) and (max-width: 480px) 480px, (min-width: 481px) and (max-width: 980px) 980px, (min-width: 981px) and (max-width: 1280px) 1280px, (min-width: 1281px) 1600px, 100vw\" \/><\/figure>\n\n\n\n<p>En ese marco, la Biblioteca invita a participar de un nuevo encuentro de<em>&nbsp;Entre R\u00edos Cantada<\/em>&nbsp;el pr\u00f3ximo viernes 23 de mayo a las 18:30 en la instituci\u00f3n ubicada en Alameda de la Federaci\u00f3n 278 de Paran\u00e1. Estar\u00e1 dedicado a la obra del poeta Guillermo Sarav\u00ed (1899\u20131965). El encuentro es abierto a toda la comunidad y requiere inscripci\u00f3n presencial o virtual mediante el siguiente&nbsp;<a href=\"https:\/\/docs.google.com\/forms\/d\/e\/1FAIpQLSepI1sg9TaY2uxY7tt0arlIq7mt1fxpJ9w-pqzcIow4Inb6DA\/viewform\" target=\"_blank\" rel=\"noreferrer noopener\">ENLACE<\/a><\/p>\n\n\n\n<figure class=\"wp-block-image\"><img loading=\"lazy\" decoding=\"async\" width=\"1600\" height=\"1067\" src=\"https:\/\/www.entrerios.gov.ar\/cultura\/wp-content\/uploads\/2025\/05\/AD_4nXf7qjLBI61poO5RlLjpe7h0U5GU-VOow46m2pLs6GlxNZrBd0N6CXrdqjbijqdbsMZR_5mXu8O4jhB2Ss7B0kvqs88HEmxlKsbVMHD7XMzEynnMRdz_Dmf4Ojf-uPrQ_bkDrq2osw.jpg\" alt=\"\" class=\"wp-image-13631\" srcset=\"https:\/\/www.entrerios.gov.ar\/cultura\/wp-content\/uploads\/2025\/05\/AD_4nXf7qjLBI61poO5RlLjpe7h0U5GU-VOow46m2pLs6GlxNZrBd0N6CXrdqjbijqdbsMZR_5mXu8O4jhB2Ss7B0kvqs88HEmxlKsbVMHD7XMzEynnMRdz_Dmf4Ojf-uPrQ_bkDrq2osw.jpg 1600w, https:\/\/www.entrerios.gov.ar\/cultura\/wp-content\/uploads\/2025\/05\/AD_4nXf7qjLBI61poO5RlLjpe7h0U5GU-VOow46m2pLs6GlxNZrBd0N6CXrdqjbijqdbsMZR_5mXu8O4jhB2Ss7B0kvqs88HEmxlKsbVMHD7XMzEynnMRdz_Dmf4Ojf-uPrQ_bkDrq2osw-1280x854.jpg 1280w, https:\/\/www.entrerios.gov.ar\/cultura\/wp-content\/uploads\/2025\/05\/AD_4nXf7qjLBI61poO5RlLjpe7h0U5GU-VOow46m2pLs6GlxNZrBd0N6CXrdqjbijqdbsMZR_5mXu8O4jhB2Ss7B0kvqs88HEmxlKsbVMHD7XMzEynnMRdz_Dmf4Ojf-uPrQ_bkDrq2osw-980x654.jpg 980w, https:\/\/www.entrerios.gov.ar\/cultura\/wp-content\/uploads\/2025\/05\/AD_4nXf7qjLBI61poO5RlLjpe7h0U5GU-VOow46m2pLs6GlxNZrBd0N6CXrdqjbijqdbsMZR_5mXu8O4jhB2Ss7B0kvqs88HEmxlKsbVMHD7XMzEynnMRdz_Dmf4Ojf-uPrQ_bkDrq2osw-480x320.jpg 480w\" sizes=\"auto, (min-width: 0px) and (max-width: 480px) 480px, (min-width: 481px) and (max-width: 980px) 980px, (min-width: 981px) and (max-width: 1280px) 1280px, (min-width: 1281px) 1600px, 100vw\" \/><\/figure>\n","protected":false},"excerpt":{"rendered":"<p>Fue este martes en la Biblioteca Provincial. Con la premisa de activar colectivamente el patrimonio literario de la instituci\u00f3n, la jornada volvi\u00f3 a convocar a la comunidad para compartir lecturas e intercambios en torno a la narrativa escrita en la provincia. Este encuentro marc\u00f3 el cierre de la lectura de Historia de una expresi\u00f3n (1947), [&hellip;]<\/p>\n","protected":false},"author":5,"featured_media":13630,"comment_status":"open","ping_status":"open","sticky":false,"template":"","format":"standard","meta":{"_et_pb_use_builder":"off","_et_pb_old_content":"","_et_gb_content_width":"","footnotes":""},"categories":[1,28,5],"tags":[],"class_list":["post-13629","post","type-post","status-publish","format-standard","has-post-thumbnail","hentry","category-destacado","category-noticias","category-biblioteca-provincial"],"_links":{"self":[{"href":"https:\/\/www.entrerios.gov.ar\/cultura\/wp-json\/wp\/v2\/posts\/13629","targetHints":{"allow":["GET"]}}],"collection":[{"href":"https:\/\/www.entrerios.gov.ar\/cultura\/wp-json\/wp\/v2\/posts"}],"about":[{"href":"https:\/\/www.entrerios.gov.ar\/cultura\/wp-json\/wp\/v2\/types\/post"}],"author":[{"embeddable":true,"href":"https:\/\/www.entrerios.gov.ar\/cultura\/wp-json\/wp\/v2\/users\/5"}],"replies":[{"embeddable":true,"href":"https:\/\/www.entrerios.gov.ar\/cultura\/wp-json\/wp\/v2\/comments?post=13629"}],"version-history":[{"count":1,"href":"https:\/\/www.entrerios.gov.ar\/cultura\/wp-json\/wp\/v2\/posts\/13629\/revisions"}],"predecessor-version":[{"id":13633,"href":"https:\/\/www.entrerios.gov.ar\/cultura\/wp-json\/wp\/v2\/posts\/13629\/revisions\/13633"}],"wp:featuredmedia":[{"embeddable":true,"href":"https:\/\/www.entrerios.gov.ar\/cultura\/wp-json\/wp\/v2\/media\/13630"}],"wp:attachment":[{"href":"https:\/\/www.entrerios.gov.ar\/cultura\/wp-json\/wp\/v2\/media?parent=13629"}],"wp:term":[{"taxonomy":"category","embeddable":true,"href":"https:\/\/www.entrerios.gov.ar\/cultura\/wp-json\/wp\/v2\/categories?post=13629"},{"taxonomy":"post_tag","embeddable":true,"href":"https:\/\/www.entrerios.gov.ar\/cultura\/wp-json\/wp\/v2\/tags?post=13629"}],"curies":[{"name":"wp","href":"https:\/\/api.w.org\/{rel}","templated":true}]}}