{"id":13639,"date":"2025-05-22T21:17:31","date_gmt":"2025-05-22T21:17:31","guid":{"rendered":"https:\/\/www.entrerios.gov.ar\/cultura\/?p=13639"},"modified":"2025-05-22T21:24:54","modified_gmt":"2025-05-22T21:24:54","slug":"comenzo-en-gualeguay-una-capacitacion-para-areas-de-cultura-de-toda-la-provincia","status":"publish","type":"post","link":"https:\/\/www.entrerios.gov.ar\/cultura\/comenzo-en-gualeguay-una-capacitacion-para-areas-de-cultura-de-toda-la-provincia\/","title":{"rendered":"Comenz\u00f3 en Gualeguay una capacitaci\u00f3n para \u00e1reas de Cultura de toda la provincia"},"content":{"rendered":"\n<p>Es impulsada por la Secretar\u00eda de Cultura de Entre R\u00edos junto al Instituto de Formaci\u00f3n Legislativa y la Vicegobernaci\u00f3n. Est\u00e1 dirigida a integrantes del Consejo Provincial de Cultura y trata sobre ceremonial p\u00fablico en eventos y actos para la comunidad que se organizan en cada localidad.<\/p>\n\n\n\n<p>El secretario de Cultura de Entre R\u00edos, Juli\u00e1n Stoppello, destac\u00f3: \u201cEsta propuesta tiene que ver con federalizar la gesti\u00f3n, con el rumbo que nos marcan el gobernador Rogelio Frigerio y el ministro de Gobierno y Trabajo, Manuel Troncoso. Este a\u00f1o llevamos m\u00e1s de diez reuniones con las distintas regiones del Consejo y una continua itinerancia con Fog\u00f3n Entrerriano, M\u00e1gica y los Encuentros Entrerrianos de Arte, entre otros eventos\u201d. Tambi\u00e9n agradeci\u00f3 al Instituto de Formaci\u00f3n Legislativa, la Vicegobernaci\u00f3n y la Municipalidad de Gualeguay.&nbsp;<\/p>\n\n\n\n<p>La intendenta de Gualeguay, Dora Bogdan, valor\u00f3 la presencia de la iniciativa en esa localidad y destac\u00f3 su \u201ccar\u00e1cter federal y el trabajo conjunto con los distintos municipios\u201d. Cabe destacar que adem\u00e1s estuvo presente la coordinadora del Instituto de Formaci\u00f3n Legislativa, Ivana Balbi.&nbsp;<\/p>\n\n\n\n<figure class=\"wp-block-image\"><img decoding=\"async\" src=\"https:\/\/lh7-rt.googleusercontent.com\/docsz\/AD_4nXc5SF2luz6Ky627_WlvKcB6SmU98mnKvwsafMNNHChmOaxLxQ4DdXGcPJnkHaNGggkmoXvJGPNJEn210YG9Vl7hV-N4pEGSdC6bRnESpt_ejWG9_-UaqD5_x0mTs3emZeA?key=1Mm4nyKaAk2sKZYXV4kGrA\" alt=\"\"\/><\/figure>\n\n\n\n<p>Entre otras repercusiones durante la apertura, la directora de Cultura de La Paz, Kiki Lawrie, indic\u00f3 que este tipo de encuentros tienen el objetivo de \u201cconstruir una cultura para todos\u201d. Su par de San Benito, Ariel Noguera, agradeci\u00f3 la gesti\u00f3n de la Secretar\u00eda de Cultura provincial y concluy\u00f3: \u201cEs algo muy importante para nuestra relaci\u00f3n con las instituciones y la comunidad\u201d.&nbsp;<\/p>\n\n\n\n<p>La jornada se realiz\u00f3 en el auditorio \u201cMario Alarc\u00f3n Mu\u00f1iz\u201d de Gualeguay. El curso, que tiene m\u00e1s de 80 inscriptos, fue dise\u00f1ado por la Licenciada Mar\u00eda Paula Acebal y continuar\u00e1 con cinco m\u00f3dulos virtuales.<\/p>\n\n\n\n<figure class=\"wp-block-image\"><img decoding=\"async\" src=\"https:\/\/lh7-rt.googleusercontent.com\/docsz\/AD_4nXe3e4T3cu24YhxvrWrvT6T16xG_uz33sDWzEj1dkQqKHhlgCdwzA5dyhhKtb9LErgXi2rkm4k5Wnn7UCugSBH4ZCDCjP_YWLoERFknvs7oNkvFlPbtrixCoEl7qq43zPVZp6CFz?key=1Mm4nyKaAk2sKZYXV4kGrA\" alt=\"\"\/><\/figure>\n\n\n\n<p><\/p>\n","protected":false},"excerpt":{"rendered":"<p>Es impulsada por la Secretar\u00eda de Cultura de Entre R\u00edos junto al Instituto de Formaci\u00f3n Legislativa y la Vicegobernaci\u00f3n. Est\u00e1 dirigida a integrantes del Consejo Provincial de Cultura y trata sobre ceremonial p\u00fablico en eventos y actos para la comunidad que se organizan en cada localidad. El secretario de Cultura de Entre R\u00edos, Juli\u00e1n Stoppello, [&hellip;]<\/p>\n","protected":false},"author":5,"featured_media":13638,"comment_status":"open","ping_status":"open","sticky":false,"template":"","format":"standard","meta":{"_et_pb_use_builder":"","_et_pb_old_content":"","_et_gb_content_width":"","footnotes":""},"categories":[1,28,23],"tags":[],"class_list":["post-13639","post","type-post","status-publish","format-standard","has-post-thumbnail","hentry","category-destacado","category-noticias","category-consejo-provincial-de-cultura"],"_links":{"self":[{"href":"https:\/\/www.entrerios.gov.ar\/cultura\/wp-json\/wp\/v2\/posts\/13639","targetHints":{"allow":["GET"]}}],"collection":[{"href":"https:\/\/www.entrerios.gov.ar\/cultura\/wp-json\/wp\/v2\/posts"}],"about":[{"href":"https:\/\/www.entrerios.gov.ar\/cultura\/wp-json\/wp\/v2\/types\/post"}],"author":[{"embeddable":true,"href":"https:\/\/www.entrerios.gov.ar\/cultura\/wp-json\/wp\/v2\/users\/5"}],"replies":[{"embeddable":true,"href":"https:\/\/www.entrerios.gov.ar\/cultura\/wp-json\/wp\/v2\/comments?post=13639"}],"version-history":[{"count":1,"href":"https:\/\/www.entrerios.gov.ar\/cultura\/wp-json\/wp\/v2\/posts\/13639\/revisions"}],"predecessor-version":[{"id":13640,"href":"https:\/\/www.entrerios.gov.ar\/cultura\/wp-json\/wp\/v2\/posts\/13639\/revisions\/13640"}],"wp:featuredmedia":[{"embeddable":true,"href":"https:\/\/www.entrerios.gov.ar\/cultura\/wp-json\/wp\/v2\/media\/13638"}],"wp:attachment":[{"href":"https:\/\/www.entrerios.gov.ar\/cultura\/wp-json\/wp\/v2\/media?parent=13639"}],"wp:term":[{"taxonomy":"category","embeddable":true,"href":"https:\/\/www.entrerios.gov.ar\/cultura\/wp-json\/wp\/v2\/categories?post=13639"},{"taxonomy":"post_tag","embeddable":true,"href":"https:\/\/www.entrerios.gov.ar\/cultura\/wp-json\/wp\/v2\/tags?post=13639"}],"curies":[{"name":"wp","href":"https:\/\/api.w.org\/{rel}","templated":true}]}}