{"id":13703,"date":"2025-06-01T16:32:00","date_gmt":"2025-06-01T16:32:00","guid":{"rendered":"https:\/\/www.entrerios.gov.ar\/cultura\/?p=13703"},"modified":"2025-06-01T15:37:20","modified_gmt":"2025-06-01T15:37:20","slug":"maria-grande-urdinarrain-y-villa-elisa-mostraron-su-cultura-en-el-ciclo-la-noche-de-las-ciudades","status":"publish","type":"post","link":"https:\/\/www.entrerios.gov.ar\/cultura\/maria-grande-urdinarrain-y-villa-elisa-mostraron-su-cultura-en-el-ciclo-la-noche-de-las-ciudades\/","title":{"rendered":"Mar\u00eda Grande, Urdinarrain y Villa Elisa mostraron su cultura en el ciclo La Noche de las Ciudades"},"content":{"rendered":"\n<p>Fue este s\u00e1bado, con entrada libre y gratuita, en la Casa de la Cultura de Entre R\u00edos. Hubo m\u00fasica en vivo, gastronom\u00eda, proyecciones, informaci\u00f3n tur\u00edstica y feria. El ciclo busca integrar y difundir el arte y la identidad de distintas localidades y es impulsado por la Secretar\u00eda de Cultura de la provincia, dependiente del Ministerio de Gobierno y Trabajo.<\/p>\n\n\n\n<p>El secretario de Cultura de Entre R\u00edos, Juli\u00e1n Stoppello, destac\u00f3 la posibilidad de \u201ccompartir propuestas de distintas ciudades con el objetivo de seguir federalizando la cultura entrerriana\u201d.<\/p>\n\n\n\n<p>El intendente de Urdinarrain, Sergio Mart\u00ednez, remarc\u00f3 que \u201cpara los pueblos de la provincia es un orgullo poder mostrar el trabajo de nuestros artistas y emprendedores\u201d.<\/p>\n\n\n\n<p>La intendenta de Villa Elisa, Susana Lambert, agreg\u00f3: \u201cSignifica mucho que la Secretar\u00eda de Cultura de Entre R\u00edos nos incluya para compartir nuestra identidad, adem\u00e1s de extender sus distintos programas en toda la provincia\u201d.<\/p>\n\n\n\n<p>Por Mar\u00eda Grande, el intendente H\u00e9ctor Solari, agradeci\u00f3 la invitaci\u00f3n y dijo que \u201ces una satisfacci\u00f3n poder difundir nuestra cultura, adem\u00e1s de invitar a otros entrerrianos a que nos visiten\u201d.<\/p>\n\n\n\n<figure class=\"wp-block-image\"><img loading=\"lazy\" decoding=\"async\" width=\"1600\" height=\"1077\" src=\"https:\/\/www.entrerios.gov.ar\/cultura\/wp-content\/uploads\/2025\/06\/AD_4nXfICRAEAW9WB-RmrDPp9Cuam_ca1RVaDaR3VMyb3zVd3uPa5HziHreJOTa5u9DRJEAfnAYhIDfUSGcc4JJd370U_GTBEuavjBvBL0EcsN2RHFm7NB8YOmKEB7uosyiPsZQm68Ra.jpg\" alt=\"\" class=\"wp-image-13706\" srcset=\"https:\/\/www.entrerios.gov.ar\/cultura\/wp-content\/uploads\/2025\/06\/AD_4nXfICRAEAW9WB-RmrDPp9Cuam_ca1RVaDaR3VMyb3zVd3uPa5HziHreJOTa5u9DRJEAfnAYhIDfUSGcc4JJd370U_GTBEuavjBvBL0EcsN2RHFm7NB8YOmKEB7uosyiPsZQm68Ra.jpg 1600w, https:\/\/www.entrerios.gov.ar\/cultura\/wp-content\/uploads\/2025\/06\/AD_4nXfICRAEAW9WB-RmrDPp9Cuam_ca1RVaDaR3VMyb3zVd3uPa5HziHreJOTa5u9DRJEAfnAYhIDfUSGcc4JJd370U_GTBEuavjBvBL0EcsN2RHFm7NB8YOmKEB7uosyiPsZQm68Ra-1280x862.jpg 1280w, https:\/\/www.entrerios.gov.ar\/cultura\/wp-content\/uploads\/2025\/06\/AD_4nXfICRAEAW9WB-RmrDPp9Cuam_ca1RVaDaR3VMyb3zVd3uPa5HziHreJOTa5u9DRJEAfnAYhIDfUSGcc4JJd370U_GTBEuavjBvBL0EcsN2RHFm7NB8YOmKEB7uosyiPsZQm68Ra-980x660.jpg 980w, https:\/\/www.entrerios.gov.ar\/cultura\/wp-content\/uploads\/2025\/06\/AD_4nXfICRAEAW9WB-RmrDPp9Cuam_ca1RVaDaR3VMyb3zVd3uPa5HziHreJOTa5u9DRJEAfnAYhIDfUSGcc4JJd370U_GTBEuavjBvBL0EcsN2RHFm7NB8YOmKEB7uosyiPsZQm68Ra-480x323.jpg 480w\" sizes=\"auto, (min-width: 0px) and (max-width: 480px) 480px, (min-width: 481px) and (max-width: 980px) 980px, (min-width: 981px) and (max-width: 1280px) 1280px, (min-width: 1281px) 1600px, 100vw\" \/><\/figure>\n\n\n\n<p>La artista invitada fue Noelia Telagorri. Por Mar\u00eda Grande, actuaron los m\u00fasicos Abelardo Fontana y Emilio Villalba, el jilguero entrerriano, adem\u00e1s de Claudio Grassi. Tambi\u00e9n se present\u00f3 el espect\u00e1culo audiovisual \u201cVilla Elisa, una ciudad que late\u201d, con un ensamble de m\u00fasica en vivo, teatralizaci\u00f3n, proyecci\u00f3n de video y narraci\u00f3n. Por Urdinarrain, estuvieron Hugo Spiazzi, Sergio Facello y Sergio Tomassi.&nbsp;<\/p>\n\n\n\n<figure class=\"wp-block-image\"><img loading=\"lazy\" decoding=\"async\" width=\"1600\" height=\"1067\" src=\"https:\/\/www.entrerios.gov.ar\/cultura\/wp-content\/uploads\/2025\/06\/AD_4nXeXt5Af8PgaUH8N2F14EZ6Qgd2RGbZAZLq0Aec6p298aRnZxwzpfIN8RQFW_jP0VAub4AmFA3JeE34bTwzWelU0ympug8vZIqVYL7-RuUFXq1rl-4PJkq6FieIJTZDAGbSnmh-DYA.jpg\" alt=\"\" class=\"wp-image-13705\" srcset=\"https:\/\/www.entrerios.gov.ar\/cultura\/wp-content\/uploads\/2025\/06\/AD_4nXeXt5Af8PgaUH8N2F14EZ6Qgd2RGbZAZLq0Aec6p298aRnZxwzpfIN8RQFW_jP0VAub4AmFA3JeE34bTwzWelU0ympug8vZIqVYL7-RuUFXq1rl-4PJkq6FieIJTZDAGbSnmh-DYA.jpg 1600w, https:\/\/www.entrerios.gov.ar\/cultura\/wp-content\/uploads\/2025\/06\/AD_4nXeXt5Af8PgaUH8N2F14EZ6Qgd2RGbZAZLq0Aec6p298aRnZxwzpfIN8RQFW_jP0VAub4AmFA3JeE34bTwzWelU0ympug8vZIqVYL7-RuUFXq1rl-4PJkq6FieIJTZDAGbSnmh-DYA-1280x854.jpg 1280w, https:\/\/www.entrerios.gov.ar\/cultura\/wp-content\/uploads\/2025\/06\/AD_4nXeXt5Af8PgaUH8N2F14EZ6Qgd2RGbZAZLq0Aec6p298aRnZxwzpfIN8RQFW_jP0VAub4AmFA3JeE34bTwzWelU0ympug8vZIqVYL7-RuUFXq1rl-4PJkq6FieIJTZDAGbSnmh-DYA-980x654.jpg 980w, https:\/\/www.entrerios.gov.ar\/cultura\/wp-content\/uploads\/2025\/06\/AD_4nXeXt5Af8PgaUH8N2F14EZ6Qgd2RGbZAZLq0Aec6p298aRnZxwzpfIN8RQFW_jP0VAub4AmFA3JeE34bTwzWelU0ympug8vZIqVYL7-RuUFXq1rl-4PJkq6FieIJTZDAGbSnmh-DYA-480x320.jpg 480w\" sizes=\"auto, (min-width: 0px) and (max-width: 480px) 480px, (min-width: 481px) and (max-width: 980px) 980px, (min-width: 981px) and (max-width: 1280px) 1280px, (min-width: 1281px) 1600px, 100vw\" \/><\/figure>\n\n\n\n<p>La Noche de las Ciudades es parte de CUAC! (Cultura Activa), un programa anual de actividades que la Secretar\u00eda de Cultura de Entre R\u00edos desarrolla en toda la provincia.<\/p>\n","protected":false},"excerpt":{"rendered":"<p>Fue este s\u00e1bado, con entrada libre y gratuita, en la Casa de la Cultura de Entre R\u00edos. Hubo m\u00fasica en vivo, gastronom\u00eda, proyecciones, informaci\u00f3n tur\u00edstica y feria. El ciclo busca integrar y difundir el arte y la identidad de distintas localidades y es impulsado por la Secretar\u00eda de Cultura de la provincia, dependiente del Ministerio [&hellip;]<\/p>\n","protected":false},"author":5,"featured_media":13709,"comment_status":"open","ping_status":"open","sticky":false,"template":"","format":"standard","meta":{"_et_pb_use_builder":"","_et_pb_old_content":"","_et_gb_content_width":"","footnotes":""},"categories":[1],"tags":[],"class_list":["post-13703","post","type-post","status-publish","format-standard","has-post-thumbnail","hentry","category-destacado"],"_links":{"self":[{"href":"https:\/\/www.entrerios.gov.ar\/cultura\/wp-json\/wp\/v2\/posts\/13703","targetHints":{"allow":["GET"]}}],"collection":[{"href":"https:\/\/www.entrerios.gov.ar\/cultura\/wp-json\/wp\/v2\/posts"}],"about":[{"href":"https:\/\/www.entrerios.gov.ar\/cultura\/wp-json\/wp\/v2\/types\/post"}],"author":[{"embeddable":true,"href":"https:\/\/www.entrerios.gov.ar\/cultura\/wp-json\/wp\/v2\/users\/5"}],"replies":[{"embeddable":true,"href":"https:\/\/www.entrerios.gov.ar\/cultura\/wp-json\/wp\/v2\/comments?post=13703"}],"version-history":[{"count":1,"href":"https:\/\/www.entrerios.gov.ar\/cultura\/wp-json\/wp\/v2\/posts\/13703\/revisions"}],"predecessor-version":[{"id":13707,"href":"https:\/\/www.entrerios.gov.ar\/cultura\/wp-json\/wp\/v2\/posts\/13703\/revisions\/13707"}],"wp:featuredmedia":[{"embeddable":true,"href":"https:\/\/www.entrerios.gov.ar\/cultura\/wp-json\/wp\/v2\/media\/13709"}],"wp:attachment":[{"href":"https:\/\/www.entrerios.gov.ar\/cultura\/wp-json\/wp\/v2\/media?parent=13703"}],"wp:term":[{"taxonomy":"category","embeddable":true,"href":"https:\/\/www.entrerios.gov.ar\/cultura\/wp-json\/wp\/v2\/categories?post=13703"},{"taxonomy":"post_tag","embeddable":true,"href":"https:\/\/www.entrerios.gov.ar\/cultura\/wp-json\/wp\/v2\/tags?post=13703"}],"curies":[{"name":"wp","href":"https:\/\/api.w.org\/{rel}","templated":true}]}}