{"id":13736,"date":"2025-06-03T16:10:00","date_gmt":"2025-06-03T16:10:00","guid":{"rendered":"https:\/\/www.entrerios.gov.ar\/cultura\/?p=13736"},"modified":"2025-06-03T15:35:19","modified_gmt":"2025-06-03T15:35:19","slug":"la-biblioteca-provincial-celebra-al-poeta-juan-manuel-alfaro","status":"publish","type":"post","link":"https:\/\/www.entrerios.gov.ar\/cultura\/la-biblioteca-provincial-celebra-al-poeta-juan-manuel-alfaro\/","title":{"rendered":"La Biblioteca Provincial celebra al poeta Juan Manuel Alfaro"},"content":{"rendered":"\n<p>El organismo dependiente de la Secretar\u00eda de Cultura de Entre R\u00edos invita a la comunidad a participar de un encuentro sobre la vida y obra del escritor nacido en Nogoy\u00e1. Ser\u00e1 este viernes 6 de junio a las 18.30, con entrada libre y gratuita, en Alameda de la Federaci\u00f3n 278, Paran\u00e1.&nbsp;&nbsp;&nbsp;<\/p>\n\n\n\n<p>Durante la jornada se proyectar\u00e1 un video producido desde la Biblioteca, que re\u00fane testimonios de personas cercanas al autor, as\u00ed como im\u00e1genes, lecturas y registros vinculados a su trayectoria literaria y vital. Este material busca ofrecer una mirada coral sobre la figura de Alfaro, a trav\u00e9s de voces que lo acompa\u00f1aron en distintos momentos de su camino.<\/p>\n\n\n\n<p>Con este homenaje, la Biblioteca reafirma su compromiso con la preservaci\u00f3n y la difusi\u00f3n del patrimonio cultural de Entre R\u00edos, y al mismo tiempo, celebra a un autor cuya sensibilidad y lucidez han dejado huella tanto en sus lectores como en la vida institucional del organismo.<\/p>\n\n\n\n<p>La propuesta es tambi\u00e9n una forma de agradecer p\u00fablicamente la generosa y constante participaci\u00f3n de Alfaro en las actividades de la Biblioteca. A lo largo de los a\u00f1os, el autor ha compartido presentaciones, lecturas, talleres y encuentros, consolidando un v\u00ednculo que enriquece la historia de esta casa. La entrada es libre y gratuita, y est\u00e1 dirigida a todo p\u00fablico.<\/p>\n","protected":false},"excerpt":{"rendered":"<p>El organismo dependiente de la Secretar\u00eda de Cultura de Entre R\u00edos invita a la comunidad a participar de un encuentro sobre la vida y obra del escritor nacido en Nogoy\u00e1. Ser\u00e1 este viernes 6 de junio a las 18.30, con entrada libre y gratuita, en Alameda de la Federaci\u00f3n 278, Paran\u00e1.&nbsp;&nbsp;&nbsp; Durante la jornada se [&hellip;]<\/p>\n","protected":false},"author":5,"featured_media":13737,"comment_status":"open","ping_status":"open","sticky":false,"template":"","format":"standard","meta":{"_et_pb_use_builder":"off","_et_pb_old_content":"","_et_gb_content_width":"","footnotes":""},"categories":[1,28,5],"tags":[],"class_list":["post-13736","post","type-post","status-publish","format-standard","has-post-thumbnail","hentry","category-destacado","category-noticias","category-biblioteca-provincial"],"_links":{"self":[{"href":"https:\/\/www.entrerios.gov.ar\/cultura\/wp-json\/wp\/v2\/posts\/13736","targetHints":{"allow":["GET"]}}],"collection":[{"href":"https:\/\/www.entrerios.gov.ar\/cultura\/wp-json\/wp\/v2\/posts"}],"about":[{"href":"https:\/\/www.entrerios.gov.ar\/cultura\/wp-json\/wp\/v2\/types\/post"}],"author":[{"embeddable":true,"href":"https:\/\/www.entrerios.gov.ar\/cultura\/wp-json\/wp\/v2\/users\/5"}],"replies":[{"embeddable":true,"href":"https:\/\/www.entrerios.gov.ar\/cultura\/wp-json\/wp\/v2\/comments?post=13736"}],"version-history":[{"count":1,"href":"https:\/\/www.entrerios.gov.ar\/cultura\/wp-json\/wp\/v2\/posts\/13736\/revisions"}],"predecessor-version":[{"id":13738,"href":"https:\/\/www.entrerios.gov.ar\/cultura\/wp-json\/wp\/v2\/posts\/13736\/revisions\/13738"}],"wp:featuredmedia":[{"embeddable":true,"href":"https:\/\/www.entrerios.gov.ar\/cultura\/wp-json\/wp\/v2\/media\/13737"}],"wp:attachment":[{"href":"https:\/\/www.entrerios.gov.ar\/cultura\/wp-json\/wp\/v2\/media?parent=13736"}],"wp:term":[{"taxonomy":"category","embeddable":true,"href":"https:\/\/www.entrerios.gov.ar\/cultura\/wp-json\/wp\/v2\/categories?post=13736"},{"taxonomy":"post_tag","embeddable":true,"href":"https:\/\/www.entrerios.gov.ar\/cultura\/wp-json\/wp\/v2\/tags?post=13736"}],"curies":[{"name":"wp","href":"https:\/\/api.w.org\/{rel}","templated":true}]}}