{"id":13743,"date":"2025-06-05T11:20:44","date_gmt":"2025-06-05T11:20:44","guid":{"rendered":"https:\/\/www.entrerios.gov.ar\/cultura\/?p=13743"},"modified":"2025-06-10T16:44:18","modified_gmt":"2025-06-10T16:44:18","slug":"invitan-a-una-capacitacion-para-impulsar-la-internacionalizacion-de-las-industrias-culturales-entrerrianas","status":"publish","type":"post","link":"https:\/\/www.entrerios.gov.ar\/cultura\/invitan-a-una-capacitacion-para-impulsar-la-internacionalizacion-de-las-industrias-culturales-entrerrianas\/","title":{"rendered":"Invitan a una capacitaci\u00f3n para impulsar la internacionalizaci\u00f3n de las Industrias Culturales entrerrianas"},"content":{"rendered":"\n<p>La iniciativa se denomina Puentes Creativos y se concretar\u00e1 el mi\u00e9rcoles 11 de junio de 2025, de 10 a 12, en AURA Sala Antequeda (Alameda de la Federaci\u00f3n 557, Paran\u00e1). Tiene inscripci\u00f3n digital, con cupo. Es impulsada por distintas \u00e1reas del Gobierno de Entre R\u00edos.&nbsp;<\/p>\n\n\n\n<p>Con cupo limitado para 30 participantes, el encuentro propone herramientas pr\u00e1cticas y casos de \u00e9xito para impulsar procesos de internacionalizaci\u00f3n, acceso a financiamiento y cooperaci\u00f3n internacional en el sector cultural y creativo. El objetivo es conectar el talento y la creatividad de las industrias culturales de Entre R\u00edos con oportunidades concretas en<\/p>\n\n\n\n<p>mercados internacionales, desmitificando el proceso de exportaci\u00f3n y promoviendo una mirada estrat\u00e9gica sobre el potencial global del sector cultural.<\/p>\n\n\n\n<p>El espacio est\u00e1 destinado a empresarios, emprendedores, productores, artistas, gestores culturales, representantes de cooperativas y asociaciones culturales, y estudiantes de carreras vinculadas a los siguientes sectores: artes visuales; artesan\u00edas; artes esc\u00e9nicas;&nbsp; espect\u00e1culos; audiovisual; medios interactivos; dise\u00f1o; moda; editorial y literatura.&nbsp;<\/p>\n\n\n\n<p>La participaci\u00f3n es gratuita, con inscripci\u00f3n previa a trav\u00e9s del siguiente formulario online:&nbsp;<a href=\"https:\/\/forms.comunicacionentrerios.com\/f\/138\/puentescreativos\" target=\"_blank\" rel=\"noreferrer noopener\">https:\/\/forms.comunicacionentrerios.com\/f\/138\/puentescreativos<\/a><\/p>\n\n\n\n<figure class=\"wp-block-image\"><img loading=\"lazy\" decoding=\"async\" width=\"1600\" height=\"1067\" src=\"https:\/\/www.entrerios.gov.ar\/cultura\/wp-content\/uploads\/2025\/06\/AD_4nXduqm9vCG69BE65l41wpLpE1zGbPaq4ICGv93uR0ndMxWXIWNifVLaiAKC7SmZDnvpc78F8ua8FDl805RWFP5OajeiA3DTHHJQ1DLNbuRmtW8JofKgIrvNFcpn2twXw3qh4lo8C.jpg\" alt=\"\" class=\"wp-image-13745\" srcset=\"https:\/\/www.entrerios.gov.ar\/cultura\/wp-content\/uploads\/2025\/06\/AD_4nXduqm9vCG69BE65l41wpLpE1zGbPaq4ICGv93uR0ndMxWXIWNifVLaiAKC7SmZDnvpc78F8ua8FDl805RWFP5OajeiA3DTHHJQ1DLNbuRmtW8JofKgIrvNFcpn2twXw3qh4lo8C.jpg 1600w, https:\/\/www.entrerios.gov.ar\/cultura\/wp-content\/uploads\/2025\/06\/AD_4nXduqm9vCG69BE65l41wpLpE1zGbPaq4ICGv93uR0ndMxWXIWNifVLaiAKC7SmZDnvpc78F8ua8FDl805RWFP5OajeiA3DTHHJQ1DLNbuRmtW8JofKgIrvNFcpn2twXw3qh4lo8C-1280x854.jpg 1280w, https:\/\/www.entrerios.gov.ar\/cultura\/wp-content\/uploads\/2025\/06\/AD_4nXduqm9vCG69BE65l41wpLpE1zGbPaq4ICGv93uR0ndMxWXIWNifVLaiAKC7SmZDnvpc78F8ua8FDl805RWFP5OajeiA3DTHHJQ1DLNbuRmtW8JofKgIrvNFcpn2twXw3qh4lo8C-980x654.jpg 980w, https:\/\/www.entrerios.gov.ar\/cultura\/wp-content\/uploads\/2025\/06\/AD_4nXduqm9vCG69BE65l41wpLpE1zGbPaq4ICGv93uR0ndMxWXIWNifVLaiAKC7SmZDnvpc78F8ua8FDl805RWFP5OajeiA3DTHHJQ1DLNbuRmtW8JofKgIrvNFcpn2twXw3qh4lo8C-480x320.jpg 480w\" sizes=\"auto, (min-width: 0px) and (max-width: 480px) 480px, (min-width: 481px) and (max-width: 980px) 980px, (min-width: 981px) and (max-width: 1280px) 1280px, (min-width: 1281px) 1600px, 100vw\" \/><\/figure>\n\n\n\n<p>La acci\u00f3n se desarrolla a trav\u00e9s de la Direcci\u00f3n General de Industrias Culturales y Creativas de la Secretar\u00eda de Cultura, dependiente del Ministerio de Gobierno y Trabajo, junto a la Direcci\u00f3n General de Relaciones Econ\u00f3micas Internacionales del Ministerio de Desarrollo Econ\u00f3mico de la Provincia.&nbsp;<\/p>\n\n\n\n<p><strong>Contacto para m\u00e1s informaci\u00f3n:<\/strong><\/p>\n\n\n\n<p><a href=\"mailto:industriasculturales@entrerios.gov.ar\" target=\"_blank\" rel=\"noreferrer noopener\">industriasculturales@entrerios.gov.ar<\/a><\/p>\n\n\n\n<p><em>Fotos: Archivo fotogr\u00e1fico SCER 2018.-<\/em><\/p>\n","protected":false},"excerpt":{"rendered":"<p>La iniciativa se denomina Puentes Creativos y se concretar\u00e1 el mi\u00e9rcoles 11 de junio de 2025, de 10 a 12, en AURA Sala Antequeda (Alameda de la Federaci\u00f3n 557, Paran\u00e1). Tiene inscripci\u00f3n digital, con cupo. Es impulsada por distintas \u00e1reas del Gobierno de Entre R\u00edos.&nbsp; Con cupo limitado para 30 participantes, el encuentro propone herramientas [&hellip;]<\/p>\n","protected":false},"author":5,"featured_media":13744,"comment_status":"open","ping_status":"open","sticky":false,"template":"","format":"standard","meta":{"_et_pb_use_builder":"off","_et_pb_old_content":"","_et_gb_content_width":"","footnotes":""},"categories":[1,28,78,106],"tags":[],"class_list":["post-13743","post","type-post","status-publish","format-standard","has-post-thumbnail","hentry","category-destacado","category-noticias","category-area-industrias-culturales","category-capacitaciones"],"_links":{"self":[{"href":"https:\/\/www.entrerios.gov.ar\/cultura\/wp-json\/wp\/v2\/posts\/13743","targetHints":{"allow":["GET"]}}],"collection":[{"href":"https:\/\/www.entrerios.gov.ar\/cultura\/wp-json\/wp\/v2\/posts"}],"about":[{"href":"https:\/\/www.entrerios.gov.ar\/cultura\/wp-json\/wp\/v2\/types\/post"}],"author":[{"embeddable":true,"href":"https:\/\/www.entrerios.gov.ar\/cultura\/wp-json\/wp\/v2\/users\/5"}],"replies":[{"embeddable":true,"href":"https:\/\/www.entrerios.gov.ar\/cultura\/wp-json\/wp\/v2\/comments?post=13743"}],"version-history":[{"count":1,"href":"https:\/\/www.entrerios.gov.ar\/cultura\/wp-json\/wp\/v2\/posts\/13743\/revisions"}],"predecessor-version":[{"id":13746,"href":"https:\/\/www.entrerios.gov.ar\/cultura\/wp-json\/wp\/v2\/posts\/13743\/revisions\/13746"}],"wp:featuredmedia":[{"embeddable":true,"href":"https:\/\/www.entrerios.gov.ar\/cultura\/wp-json\/wp\/v2\/media\/13744"}],"wp:attachment":[{"href":"https:\/\/www.entrerios.gov.ar\/cultura\/wp-json\/wp\/v2\/media?parent=13743"}],"wp:term":[{"taxonomy":"category","embeddable":true,"href":"https:\/\/www.entrerios.gov.ar\/cultura\/wp-json\/wp\/v2\/categories?post=13743"},{"taxonomy":"post_tag","embeddable":true,"href":"https:\/\/www.entrerios.gov.ar\/cultura\/wp-json\/wp\/v2\/tags?post=13743"}],"curies":[{"name":"wp","href":"https:\/\/api.w.org\/{rel}","templated":true}]}}