{"id":14168,"date":"2025-07-03T14:36:57","date_gmt":"2025-07-03T14:36:57","guid":{"rendered":"https:\/\/www.entrerios.gov.ar\/cultura\/?p=14168"},"modified":"2025-07-03T14:36:58","modified_gmt":"2025-07-03T14:36:58","slug":"los-museos-provinciales-y-el-archivo-de-entre-rios-invitan-a-actividades-especiales-en-vacaciones-de-invierno","status":"publish","type":"post","link":"https:\/\/www.entrerios.gov.ar\/cultura\/los-museos-provinciales-y-el-archivo-de-entre-rios-invitan-a-actividades-especiales-en-vacaciones-de-invierno\/","title":{"rendered":"Los museos provinciales y el Archivo de Entre R\u00edos invitan a actividades especiales en Vacaciones de Invierno"},"content":{"rendered":"\n<p>Habr\u00e1 actividades participativas, talleres, conferencias, presentaciones de libros, muestras de arte y espect\u00e1culos para las infancias y sus familias. La entrada es libre y gratuita y el cronograma se extender\u00e1 hasta el 20 de julio. Es parte de la agenda desarrollada desde la Secretar\u00eda de Cultura de Entre R\u00edos.&nbsp;<\/p>\n\n\n\n<p>En el Museo Provincial Antonio Serrano en Paran\u00e1 (Gardel 62) habr\u00e1 tres talleres tem\u00e1ticos: hilado con fibras naturales, arqueolog\u00eda y paleontolog\u00eda destinado especialmente a las infancias, y dibujo y grabado bot\u00e1nico. Se presenta tambi\u00e9n una conferencia sobre Antropolog\u00eda del Carnaval en Gualeguaych\u00fa, dictada por la Dra. Alicia Mart\u00edn. La conferencia se realizar\u00e1 en el marco del lanzamiento de la Diplomatura Universitaria en Carnaval (UADER). Tambi\u00e9n se concretar\u00e1 una charla sobre Patrimonio Arqueol\u00f3gico y Paleontol\u00f3gico Entrerriano en Basavilbaso coordinada por el museo.<\/p>\n\n\n\n<p>Exploradores del collage es la iniciativa del Museo Provincial de Bellas Artes (Buenos Aires 355. Paran\u00e1) para las pr\u00f3ximas semanas. Se realizar\u00e1n dos encuentros para infancias a partir de los 6 a\u00f1os. (Facilita Luciano \u00c1vila). Tambi\u00e9n se presentar\u00e1 el libro Dibujar el negativo de un omb\u00fa, de Estefan\u00eda Santiago, con una conferencia performativa. Finalmente, se realizar\u00e1 el taller Atr\u00e1s de la oreja hay un paisaje, una propuesta de escucha, poes\u00eda y observaci\u00f3n, con encuentros destinados a personas de entre 12 y 16 a\u00f1os. (Facilita Bel\u00e9n C\u00e9spedes). Todas las actividades requieren inscripci\u00f3n previa y son con cupo limitado.<\/p>\n\n\n\n<p>El Museo Hist\u00f3rico Provincial Martiniano Leguizam\u00f3n (Buenos Aires 286. Paran\u00e1) invita a las actividades permanentes que se realizar\u00e1n de martes a viernes de 8 a 13 y de 15 a 20, los s\u00e1bados de 9 a 12; y de 17 a 20; y los domingos de 9 a 12. Se trata de Jugando con la historia, Gu\u00eda por un d\u00eda y Detectives del tiempo, todas para las infancias.&nbsp;<\/p>\n\n\n\n<figure class=\"wp-block-image\"><img loading=\"lazy\" decoding=\"async\" width=\"1600\" height=\"1067\" src=\"https:\/\/www.entrerios.gov.ar\/cultura\/wp-content\/uploads\/2025\/07\/AD_4nXc6424E5Al2C2wsY-2F7_-qD2cblTsApANbsHEZPi64Snfa1uDXknDvBRFwawlTsWSOtpVtaUK0lGKj6m8HykFTNdAOuWbZa_DCPiGl4eDuvnfJuKGM2EFP6l8xtHXQamyVslSwwg.jpg\" alt=\"\" class=\"wp-image-14171\" srcset=\"https:\/\/www.entrerios.gov.ar\/cultura\/wp-content\/uploads\/2025\/07\/AD_4nXc6424E5Al2C2wsY-2F7_-qD2cblTsApANbsHEZPi64Snfa1uDXknDvBRFwawlTsWSOtpVtaUK0lGKj6m8HykFTNdAOuWbZa_DCPiGl4eDuvnfJuKGM2EFP6l8xtHXQamyVslSwwg.jpg 1600w, https:\/\/www.entrerios.gov.ar\/cultura\/wp-content\/uploads\/2025\/07\/AD_4nXc6424E5Al2C2wsY-2F7_-qD2cblTsApANbsHEZPi64Snfa1uDXknDvBRFwawlTsWSOtpVtaUK0lGKj6m8HykFTNdAOuWbZa_DCPiGl4eDuvnfJuKGM2EFP6l8xtHXQamyVslSwwg-1280x854.jpg 1280w, https:\/\/www.entrerios.gov.ar\/cultura\/wp-content\/uploads\/2025\/07\/AD_4nXc6424E5Al2C2wsY-2F7_-qD2cblTsApANbsHEZPi64Snfa1uDXknDvBRFwawlTsWSOtpVtaUK0lGKj6m8HykFTNdAOuWbZa_DCPiGl4eDuvnfJuKGM2EFP6l8xtHXQamyVslSwwg-980x654.jpg 980w, https:\/\/www.entrerios.gov.ar\/cultura\/wp-content\/uploads\/2025\/07\/AD_4nXc6424E5Al2C2wsY-2F7_-qD2cblTsApANbsHEZPi64Snfa1uDXknDvBRFwawlTsWSOtpVtaUK0lGKj6m8HykFTNdAOuWbZa_DCPiGl4eDuvnfJuKGM2EFP6l8xtHXQamyVslSwwg-480x320.jpg 480w\" sizes=\"auto, (min-width: 0px) and (max-width: 480px) 480px, (min-width: 481px) and (max-width: 980px) 980px, (min-width: 981px) and (max-width: 1280px) 1280px, (min-width: 1281px) 1600px, 100vw\" \/><\/figure>\n\n\n\n<p>El Museo Casa de Gobierno invita a la propuesta&nbsp;<strong>&#8220;Del r\u00edo al museo: una aventura entre rayas y carpinchos&#8221;<\/strong>, una experiencia l\u00fadica y educativa que combina arte, naturaleza y cultura. Las actividades ser\u00e1n en la Sala Multimedial del edificio, ubicado en calle M\u00e9xico, esquina C\u00f3rdoba, de Paran\u00e1. El Museo permanece abierto al p\u00fablico de martes a viernes, de 7:30 a 13:30, y los s\u00e1bados, de 9 a 12. Desde el jueves 10 al s\u00e1bado 19 de julio, en el horario habitual del organismo, se exhibir\u00e1 la muestra<strong>&nbsp;<\/strong><strong><em>El vestido a lunares de la raya<\/em><\/strong><em>,&nbsp;<\/em>una propuesta del Museo y Centro Cultural Salto Grande, que tiene por objetivo concientizar sobre la fauna ict\u00edcola de la regi\u00f3n. Tambi\u00e9n se realizar\u00e1 el&nbsp;<strong>Taller de dibujo: \u201cLito, una experiencia creativa\u201d,&nbsp;<\/strong>los viernes 11 y 18 de julio, a las 10, destinado a&nbsp; ni\u00f1os y ni\u00f1as de 6 a 12 a\u00f1os. Los talleristas ser\u00e1n Gustavo Bolzan, Jaimo y Ana Rostan. La actividad es gratuita, con cupos limitados.&nbsp;<\/p>\n\n\n\n<p>El Museo Provincial Hogar Escuela Eva Per\u00f3n (Don Bosco 749. Paran\u00e1) presenta para vacaciones la muestra Descamisadas. Se trata de un repertorio con soporte en el arte textil y con entrada libre y gratuita. Se podr\u00e1 visitar de 8 a 13, de lunes a viernes.&nbsp;<\/p>\n\n\n\n<figure class=\"wp-block-image\"><img loading=\"lazy\" decoding=\"async\" width=\"1600\" height=\"1067\" src=\"https:\/\/www.entrerios.gov.ar\/cultura\/wp-content\/uploads\/2025\/07\/AD_4nXeeFg9pZz2-oMzql7iH9RqNOnW0S5u9hIDoCOZo2GeXntxyb3fUTzazvXXd6ZECK6aQqTjVo1PdHQipu3r2XWCX0KhUNvxcmX7_aAp4S2ReYW5L0KNBbuJsYQ3tJz5nrmDncrJsmw.jpg\" alt=\"\" class=\"wp-image-14170\" srcset=\"https:\/\/www.entrerios.gov.ar\/cultura\/wp-content\/uploads\/2025\/07\/AD_4nXeeFg9pZz2-oMzql7iH9RqNOnW0S5u9hIDoCOZo2GeXntxyb3fUTzazvXXd6ZECK6aQqTjVo1PdHQipu3r2XWCX0KhUNvxcmX7_aAp4S2ReYW5L0KNBbuJsYQ3tJz5nrmDncrJsmw.jpg 1600w, https:\/\/www.entrerios.gov.ar\/cultura\/wp-content\/uploads\/2025\/07\/AD_4nXeeFg9pZz2-oMzql7iH9RqNOnW0S5u9hIDoCOZo2GeXntxyb3fUTzazvXXd6ZECK6aQqTjVo1PdHQipu3r2XWCX0KhUNvxcmX7_aAp4S2ReYW5L0KNBbuJsYQ3tJz5nrmDncrJsmw-1280x854.jpg 1280w, https:\/\/www.entrerios.gov.ar\/cultura\/wp-content\/uploads\/2025\/07\/AD_4nXeeFg9pZz2-oMzql7iH9RqNOnW0S5u9hIDoCOZo2GeXntxyb3fUTzazvXXd6ZECK6aQqTjVo1PdHQipu3r2XWCX0KhUNvxcmX7_aAp4S2ReYW5L0KNBbuJsYQ3tJz5nrmDncrJsmw-980x654.jpg 980w, https:\/\/www.entrerios.gov.ar\/cultura\/wp-content\/uploads\/2025\/07\/AD_4nXeeFg9pZz2-oMzql7iH9RqNOnW0S5u9hIDoCOZo2GeXntxyb3fUTzazvXXd6ZECK6aQqTjVo1PdHQipu3r2XWCX0KhUNvxcmX7_aAp4S2ReYW5L0KNBbuJsYQ3tJz5nrmDncrJsmw-480x320.jpg 480w\" sizes=\"auto, (min-width: 0px) and (max-width: 480px) 480px, (min-width: 481px) and (max-width: 980px) 980px, (min-width: 981px) and (max-width: 1280px) 1280px, (min-width: 1281px) 1600px, 100vw\" \/><\/figure>\n\n\n\n<p>Por su parte, el Archivo General de Entre R\u00edos (Alameda de la Federaci\u00f3n 222. Paran\u00e1) presenta &#8220;Nos re\u00fane El Principito\u201d. La muestra re\u00fane expresiones art\u00edsticas a partir de la obra literaria. Se sumar\u00e1n diferentes ediciones del libro \u201cEl Principito\u201d, una imagen del monumento realizado por la escultora Amanda Mayor en el Palacio San Carlos en Concordia y diferentes actividades l\u00fadicas para los ni\u00f1os. El mi\u00e9rcoles 16 habr\u00e1 una funci\u00f3n de teatro miniatura para las infancias: Lambe Lambe.&nbsp;<\/p>\n\n\n\n<p>Muchas propuestas si bien son gratuitas requieren inscripci\u00f3n y tienen cupo, por lo cual se invita a descargar la grilla completa&nbsp;<a href=\"https:\/\/drive.google.com\/file\/d\/1Ri4ei7rAP9ZNtAPebf3fg1M7IpwpmdDu\/view\" target=\"_blank\" rel=\"noreferrer noopener\">AQU\u00cd<\/a>&nbsp;para conocer los detalles y contactar con las instituciones organizadoras.&nbsp;<\/p>\n","protected":false},"excerpt":{"rendered":"<p>Habr\u00e1 actividades participativas, talleres, conferencias, presentaciones de libros, muestras de arte y espect\u00e1culos para las infancias y sus familias. La entrada es libre y gratuita y el cronograma se extender\u00e1 hasta el 20 de julio. Es parte de la agenda desarrollada desde la Secretar\u00eda de Cultura de Entre R\u00edos.&nbsp; En el Museo Provincial Antonio Serrano [&hellip;]<\/p>\n","protected":false},"author":5,"featured_media":14169,"comment_status":"open","ping_status":"open","sticky":false,"template":"","format":"standard","meta":{"_et_pb_use_builder":"off","_et_pb_old_content":"","_et_gb_content_width":"","footnotes":""},"categories":[28,7,9,11,8,10,14],"tags":[],"class_list":["post-14168","post","type-post","status-publish","format-standard","has-post-thumbnail","hentry","category-noticias","category-archivo-general","category-museo-bellas-artes","category-museo-casa-de-gobierno","category-museo-ciencias-naturales","category-museo-historico","category-museo-hogar-escuela-eva-peron"],"_links":{"self":[{"href":"https:\/\/www.entrerios.gov.ar\/cultura\/wp-json\/wp\/v2\/posts\/14168","targetHints":{"allow":["GET"]}}],"collection":[{"href":"https:\/\/www.entrerios.gov.ar\/cultura\/wp-json\/wp\/v2\/posts"}],"about":[{"href":"https:\/\/www.entrerios.gov.ar\/cultura\/wp-json\/wp\/v2\/types\/post"}],"author":[{"embeddable":true,"href":"https:\/\/www.entrerios.gov.ar\/cultura\/wp-json\/wp\/v2\/users\/5"}],"replies":[{"embeddable":true,"href":"https:\/\/www.entrerios.gov.ar\/cultura\/wp-json\/wp\/v2\/comments?post=14168"}],"version-history":[{"count":1,"href":"https:\/\/www.entrerios.gov.ar\/cultura\/wp-json\/wp\/v2\/posts\/14168\/revisions"}],"predecessor-version":[{"id":14172,"href":"https:\/\/www.entrerios.gov.ar\/cultura\/wp-json\/wp\/v2\/posts\/14168\/revisions\/14172"}],"wp:featuredmedia":[{"embeddable":true,"href":"https:\/\/www.entrerios.gov.ar\/cultura\/wp-json\/wp\/v2\/media\/14169"}],"wp:attachment":[{"href":"https:\/\/www.entrerios.gov.ar\/cultura\/wp-json\/wp\/v2\/media?parent=14168"}],"wp:term":[{"taxonomy":"category","embeddable":true,"href":"https:\/\/www.entrerios.gov.ar\/cultura\/wp-json\/wp\/v2\/categories?post=14168"},{"taxonomy":"post_tag","embeddable":true,"href":"https:\/\/www.entrerios.gov.ar\/cultura\/wp-json\/wp\/v2\/tags?post=14168"}],"curies":[{"name":"wp","href":"https:\/\/api.w.org\/{rel}","templated":true}]}}