{"id":14367,"date":"2025-07-18T14:23:55","date_gmt":"2025-07-18T14:23:55","guid":{"rendered":"https:\/\/www.entrerios.gov.ar\/cultura\/?p=14367"},"modified":"2025-07-18T14:25:42","modified_gmt":"2025-07-18T14:25:42","slug":"difunden-las-propuestas-del-fin-de-semana-en-los-espacios-de-la-secretaria-de-cultura-de-entre-rios","status":"publish","type":"post","link":"https:\/\/www.entrerios.gov.ar\/cultura\/difunden-las-propuestas-del-fin-de-semana-en-los-espacios-de-la-secretaria-de-cultura-de-entre-rios\/","title":{"rendered":"Difunden las propuestas del fin de semana en los espacios de la Secretar\u00eda de Cultura de Entre R\u00edos"},"content":{"rendered":"\n<p>Durante este \u00faltimo fin de semana del receso, la Secretar\u00eda de Cultura, dependiente del Ministerio de Gobierno y Trabajo, desarrollar\u00e1 una agenda federal para toda la familia. Las iniciativas propias son con entrada libre y gratuita.&nbsp;<\/p>\n\n\n\n<p>La grilla incluye obras teatrales, charlas tem\u00e1ticas, actividades art\u00edsticas destinadas a las infancias, muestra de videoarte e instalaci\u00f3n, y visitas especiales a los museos provinciales. Como siempre, la grilla se completa con espect\u00e1culos musicales.<\/p>\n\n\n\n<p><strong>Teatro para las infancias<\/strong><\/p>\n\n\n\n<p>Habr\u00e1 funciones teatrales gratuitas en distintas localidades. La iniciativa se concreta a trav\u00e9s del Consejo Provincial del Teatro Independiente de Entre R\u00edos (CONTIER) y el plan FortalecER.&nbsp;<\/p>\n\n\n\n<p>Cronograma:&nbsp;<\/p>\n\n\n\n<p>Viernes 18 a las 15 | \u201cPayasos contra el cambio clim\u00e1tico\u201d<\/p>\n\n\n\n<p>Casa de la Cultura &#8211; Bovril<\/p>\n\n\n\n<p>Viernes 18 a las 16 | \u201cCaperucita roja y el lobo fiero\u201d en Aldea San Juan.<\/p>\n\n\n\n<p>Grupo: T\u00edteres cuesta arriba. Lugar: Sal\u00f3n Comunitario Aldea San Juan<\/p>\n\n\n\n<p>Viernes 18 a las 17 | Las olorosas aventuras de Wiliam Calder\u00f3n (Grupo Las Yotivenco\/De Costa a Costa). Sal\u00f3n Cultural, Hern\u00e1ndez (Departamento Nogoy\u00e1)<\/p>\n\n\n\n<p>S\u00e1bado 19 a las 14:30 | Una Misi\u00f3n Colectiva (Colectivo payaso). Lugar: La Clarita (Dto. Col\u00f3n). Saloncito del Ferrocarril<\/p>\n\n\n\n<p>S\u00e1bado 19 a las 16 | Titiricuentos (grupo T\u00edteres Cuestarriba). Paso de la Laguna (sede de la Comuna).<\/p>\n\n\n\n<p><strong>Museos<\/strong><\/p>\n\n\n\n<p>Los museos provinciales ofrecer\u00e1n actividades especiales y sus habituales recorridos por las colecciones permanentes. La grilla incluye talleres para grandes y chicos, muestras, juegos y recorridos dise\u00f1ados para las infancias y sus familias. Consultar por inscripciones y cupos en las redes de cada organismo.<\/p>\n\n\n\n<p><strong>Espacios culturales&nbsp;<\/strong><\/p>\n\n\n\n<p>Durante el fin de semana el Centro Experimental de Arte Contempor\u00e1neo AURA (Alameda de la Federaci\u00f3n 557, Paran\u00e1) abrir\u00e1 sus puertas para visitas. Los horarios son viernes y s\u00e1bado de 16:30 a 17:30 con la posibilidad de conocer la muestra que se encuentra en la sala:&nbsp;<em>Alma Litoral&nbsp;<\/em>de Ignacio Garc\u00eda<em>.&nbsp;&nbsp;<\/em><\/p>\n\n\n\n<p>En la Casa de la Cultura de Entre R\u00edos (Carb\u00f3 y 9 de Julio, Paran\u00e1) las actividades ser\u00e1n:<\/p>\n\n\n\n<p>Viernes 18 a las 18 | Charla: \u00bfQu\u00e9 es la comedia stand up? Entrada libre y gratuita\u00a0<\/p>\n\n\n\n<p>Viernes 18 a las 21 | Litoral Stand Up Comedy 2025 e invitados. Actividad arancelada<\/p>\n\n\n\n<p>S\u00e1bado 19 a las 14 | 2\u00ba Torneo de Rompecabezas Zeppelin. Actividad arancelada<\/p>\n\n\n\n<p>En tanto que en el Centro Cultural La Vieja Usina (Gregoria Matorras 861, Paran\u00e1) este viernes a las 20:30 se propone la Quai Night Vol. 2, una noche de folclore con Giuli Bonsi y Los del Litoral; y el domingo a las 20 habr\u00e1 un Concierto de Invierno del taller de piano de la Asociaci\u00f3n Verdiana (actividad arancelada).&nbsp;<\/p>\n","protected":false},"excerpt":{"rendered":"<p>Durante este \u00faltimo fin de semana del receso, la Secretar\u00eda de Cultura, dependiente del Ministerio de Gobierno y Trabajo, desarrollar\u00e1 una agenda federal para toda la familia. Las iniciativas propias son con entrada libre y gratuita.&nbsp; La grilla incluye obras teatrales, charlas tem\u00e1ticas, actividades art\u00edsticas destinadas a las infancias, muestra de videoarte e instalaci\u00f3n, y [&hellip;]<\/p>\n","protected":false},"author":5,"featured_media":14368,"comment_status":"open","ping_status":"open","sticky":false,"template":"","format":"standard","meta":{"_et_pb_use_builder":"off","_et_pb_old_content":"","_et_gb_content_width":"","footnotes":""},"categories":[28],"tags":[],"class_list":["post-14367","post","type-post","status-publish","format-standard","has-post-thumbnail","hentry","category-noticias"],"_links":{"self":[{"href":"https:\/\/www.entrerios.gov.ar\/cultura\/wp-json\/wp\/v2\/posts\/14367","targetHints":{"allow":["GET"]}}],"collection":[{"href":"https:\/\/www.entrerios.gov.ar\/cultura\/wp-json\/wp\/v2\/posts"}],"about":[{"href":"https:\/\/www.entrerios.gov.ar\/cultura\/wp-json\/wp\/v2\/types\/post"}],"author":[{"embeddable":true,"href":"https:\/\/www.entrerios.gov.ar\/cultura\/wp-json\/wp\/v2\/users\/5"}],"replies":[{"embeddable":true,"href":"https:\/\/www.entrerios.gov.ar\/cultura\/wp-json\/wp\/v2\/comments?post=14367"}],"version-history":[{"count":2,"href":"https:\/\/www.entrerios.gov.ar\/cultura\/wp-json\/wp\/v2\/posts\/14367\/revisions"}],"predecessor-version":[{"id":14370,"href":"https:\/\/www.entrerios.gov.ar\/cultura\/wp-json\/wp\/v2\/posts\/14367\/revisions\/14370"}],"wp:featuredmedia":[{"embeddable":true,"href":"https:\/\/www.entrerios.gov.ar\/cultura\/wp-json\/wp\/v2\/media\/14368"}],"wp:attachment":[{"href":"https:\/\/www.entrerios.gov.ar\/cultura\/wp-json\/wp\/v2\/media?parent=14367"}],"wp:term":[{"taxonomy":"category","embeddable":true,"href":"https:\/\/www.entrerios.gov.ar\/cultura\/wp-json\/wp\/v2\/categories?post=14367"},{"taxonomy":"post_tag","embeddable":true,"href":"https:\/\/www.entrerios.gov.ar\/cultura\/wp-json\/wp\/v2\/tags?post=14367"}],"curies":[{"name":"wp","href":"https:\/\/api.w.org\/{rel}","templated":true}]}}