{"id":14371,"date":"2025-07-21T12:15:23","date_gmt":"2025-07-21T12:15:23","guid":{"rendered":"https:\/\/www.entrerios.gov.ar\/cultura\/?p=14371"},"modified":"2025-07-21T12:15:25","modified_gmt":"2025-07-21T12:15:25","slug":"entre-rios-presente-en-la-expo-rural-con-una-propuesta-que-conjuga-identidad-produccion-y-turismo","status":"publish","type":"post","link":"https:\/\/www.entrerios.gov.ar\/cultura\/entre-rios-presente-en-la-expo-rural-con-una-propuesta-que-conjuga-identidad-produccion-y-turismo\/","title":{"rendered":"Entre R\u00edos presente en la Expo Rural con una propuesta que conjuga identidad, producci\u00f3n y turismo"},"content":{"rendered":"\n<p>La provincia participa en la tradicional muestra de Palermo con una puesta que articula el trabajo de las \u00e1reas de Turismo, Cultura y Desarrollo Econ\u00f3mico. Con m\u00e1s de 40 productores, espect\u00e1culos art\u00edsticos y toda la oferta tur\u00edstica en exhibici\u00f3n, Entre R\u00edos refuerza su presencia en un evento estrat\u00e9gico en pleno receso invernal.<\/p>\n\n\n\n<p><a href=\"https:\/\/web.whatsapp.com\/send?text=Entre%20R%C3%ADos%20presente%20en%20la%20Expo%20Rural%20con%20una%20propuesta%20que%20conjuga%20identidad,%20producci%C3%B3n%20y%20turismo%20%20-%20https%3A%2F%2Fportal.entrerios.gov.ar%2Fnoticias%2F44849\" target=\"_blank\" rel=\"noreferrer noopener\"><\/a><a href=\"https:\/\/twitter.com\/intent\/tweet?text=Entre%20R%C3%ADos%20presente%20en%20la%20Expo%20Rural%20con%20una%20propuesta%20que%20conjuga%20identidad,%20producci%C3%B3n%20y%20turismo&amp;url=https%3A%2F%2Fportal.entrerios.gov.ar%2Fnoticias%2F44849\" target=\"_blank\" rel=\"noreferrer noopener\"><\/a><a href=\"https:\/\/www.facebook.com\/sharer\/sharer.php?u=https:\/\/portal.entrerios.gov.ar\/noticias\/44849\" target=\"_blank\" rel=\"noreferrer noopener\"><\/a>Desde el jueves 17 y hasta el domingo 27 de julio, Entre R\u00edos marca una fuerte presencia en la 137\u00b0 Exposici\u00f3n de Ganader\u00eda, Agricultura e Industria Internacional, que se realiza en el predio ferial de Palermo. La participaci\u00f3n de la provincia, coordinada entre la Secretar\u00eda de Turismo, bajo la \u00f3rbita de la Secretar\u00eda General de la Gobernaci\u00f3n a cargo de Mauricio Colello, la Secretar\u00eda de Cultura y el Ministerio de Desarrollo Econ\u00f3mico, conjuga producci\u00f3n, identidad y promoci\u00f3n tur\u00edstica ante un p\u00fablico masivo.<\/p>\n\n\n\n<p>En un contexto en el que comienza el receso invernal para Buenos Aires y otras provincias argentinas, la presencia entrerriana adquiere especial relevancia por su capacidad de mostrar, en un solo espacio, todo lo que espera al turista que elige Entre R\u00edos como destino: naturaleza, cultura, sabores y descanso.<\/p>\n\n\n\n<figure class=\"wp-block-image size-large\"><img loading=\"lazy\" decoding=\"async\" width=\"1024\" height=\"683\" src=\"https:\/\/www.entrerios.gov.ar\/cultura\/wp-content\/uploads\/2025\/07\/05_ER-Rural-1024x683.jpg\" alt=\"\" class=\"wp-image-14373\" srcset=\"https:\/\/www.entrerios.gov.ar\/cultura\/wp-content\/uploads\/2025\/07\/05_ER-Rural-980x653.jpg 980w, https:\/\/www.entrerios.gov.ar\/cultura\/wp-content\/uploads\/2025\/07\/05_ER-Rural-480x320.jpg 480w\" sizes=\"auto, (min-width: 0px) and (max-width: 480px) 480px, (min-width: 481px) and (max-width: 980px) 980px, (min-width: 981px) 1024px, 100vw\" \/><\/figure>\n\n\n\n<p>La puesta de Entre R\u00edos se apoya en tres pilares: los productos regionales, el arte y la experiencia tur\u00edstica. M\u00e1s de 40 productores de alimentos, bebidas y artesan\u00edas se presentan de forma rotativa para mostrar la diversidad del emprendedurismo entrerriano, que abarca desde mieles y vinos hasta textiles y cer\u00e1mica. &#8220;Es un stand en el que se ha puesto mucho esfuerzo para atraer la atenci\u00f3n y para que los productores y emprendedores de la provincia puedan llegar al p\u00fablico de Buenos Aires&#8221;, destac\u00f3 el ministro de Desarrollo Econ\u00f3mico, Guillermo Bernaudo.<\/p>\n\n\n\n<p>El escenario tambi\u00e9n es protagonista: m\u00e1s de 120 artistas y grupos entrerrianos animan la propuesta con m\u00fasica en vivo, danzas t\u00edpicas y expresiones culturales que convocan multitudes. La cocina en vivo, a cargo del chef C\u00e9sar Lizarraga, suma un atractivo especial con recetas que revalorizan sabores regionales y despiertan el inter\u00e9s de grandes y chicos.<\/p>\n\n\n\n<p>El turismo entrerriano est\u00e1 representado por las microrregiones Aldeas y Pueblos del Sur Entrerriano, Tierra de Palmares, Salto Grande y Caminos Costeros, que muestran sus propuestas de escapadas, naturaleza y descanso. Todo, en sinton\u00eda con el Modo Carpincho, esa forma descontracturada y amigable de disfrutar la provincia que se ha vuelto emblema de la promoci\u00f3n tur\u00edstica. &#8220;La estrella de toda la feria es el carpincho. Este Modo Carpincho que tenemos en Entre R\u00edos como emblema de convocatoria tur\u00edstica, sigue causando sensaci\u00f3n. Cientos de fotos de hijos, padres, parejas. Todos quieren estar con la mascota o disfrazarse y sacarse una foto&#8221;, destac\u00f3 el secretario de Turismo, Jorge Satto.<\/p>\n\n\n\n<p>Con im\u00e1genes impactantes, pantallas interactivas, mucho verde y atenci\u00f3n personalizada, el stand ofrece informaci\u00f3n sobre los principales destinos tur\u00edsticos, beneficios del Pasaporte Entre R\u00edos y propuestas para estas vacaciones de invierno.<\/p>\n\n\n\n<figure class=\"wp-block-image size-large\"><img loading=\"lazy\" decoding=\"async\" width=\"1024\" height=\"683\" src=\"https:\/\/www.entrerios.gov.ar\/cultura\/wp-content\/uploads\/2025\/07\/02_ER-Rural-1024x683.jpg\" alt=\"\" class=\"wp-image-14374\" srcset=\"https:\/\/www.entrerios.gov.ar\/cultura\/wp-content\/uploads\/2025\/07\/02_ER-Rural-980x653.jpg 980w, https:\/\/www.entrerios.gov.ar\/cultura\/wp-content\/uploads\/2025\/07\/02_ER-Rural-480x320.jpg 480w\" sizes=\"auto, (min-width: 0px) and (max-width: 480px) 480px, (min-width: 481px) and (max-width: 980px) 980px, (min-width: 981px) 1024px, 100vw\" \/><\/figure>\n\n\n\n<p>&#8220;Esta coordinaci\u00f3n de acciones de distintos estamentos del gobierno pone de manifiesto que esta es la forma como se debe trabajar, no s\u00f3lo mostrar atractivos tur\u00edsticos, sino tambi\u00e9n todo lo que te encontr\u00e1s cuando lleg\u00e1s a Entre R\u00edos: la tranquilidad del paisaje, los verdes, el Modo Carpincho, el Pasaporte, todo est\u00e1 expuesto en este stand que resulta muy llamativo para los potenciales turistas que est\u00e1n aqu\u00ed&#8221;, concluy\u00f3 Satto.<\/p>\n","protected":false},"excerpt":{"rendered":"<p>La provincia participa en la tradicional muestra de Palermo con una puesta que articula el trabajo de las \u00e1reas de Turismo, Cultura y Desarrollo Econ\u00f3mico. Con m\u00e1s de 40 productores, espect\u00e1culos art\u00edsticos y toda la oferta tur\u00edstica en exhibici\u00f3n, Entre R\u00edos refuerza su presencia en un evento estrat\u00e9gico en pleno receso invernal. Desde el jueves [&hellip;]<\/p>\n","protected":false},"author":5,"featured_media":14372,"comment_status":"open","ping_status":"open","sticky":false,"template":"","format":"standard","meta":{"_et_pb_use_builder":"off","_et_pb_old_content":"","_et_gb_content_width":"","footnotes":""},"categories":[28],"tags":[],"class_list":["post-14371","post","type-post","status-publish","format-standard","has-post-thumbnail","hentry","category-noticias"],"_links":{"self":[{"href":"https:\/\/www.entrerios.gov.ar\/cultura\/wp-json\/wp\/v2\/posts\/14371","targetHints":{"allow":["GET"]}}],"collection":[{"href":"https:\/\/www.entrerios.gov.ar\/cultura\/wp-json\/wp\/v2\/posts"}],"about":[{"href":"https:\/\/www.entrerios.gov.ar\/cultura\/wp-json\/wp\/v2\/types\/post"}],"author":[{"embeddable":true,"href":"https:\/\/www.entrerios.gov.ar\/cultura\/wp-json\/wp\/v2\/users\/5"}],"replies":[{"embeddable":true,"href":"https:\/\/www.entrerios.gov.ar\/cultura\/wp-json\/wp\/v2\/comments?post=14371"}],"version-history":[{"count":1,"href":"https:\/\/www.entrerios.gov.ar\/cultura\/wp-json\/wp\/v2\/posts\/14371\/revisions"}],"predecessor-version":[{"id":14375,"href":"https:\/\/www.entrerios.gov.ar\/cultura\/wp-json\/wp\/v2\/posts\/14371\/revisions\/14375"}],"wp:featuredmedia":[{"embeddable":true,"href":"https:\/\/www.entrerios.gov.ar\/cultura\/wp-json\/wp\/v2\/media\/14372"}],"wp:attachment":[{"href":"https:\/\/www.entrerios.gov.ar\/cultura\/wp-json\/wp\/v2\/media?parent=14371"}],"wp:term":[{"taxonomy":"category","embeddable":true,"href":"https:\/\/www.entrerios.gov.ar\/cultura\/wp-json\/wp\/v2\/categories?post=14371"},{"taxonomy":"post_tag","embeddable":true,"href":"https:\/\/www.entrerios.gov.ar\/cultura\/wp-json\/wp\/v2\/tags?post=14371"}],"curies":[{"name":"wp","href":"https:\/\/api.w.org\/{rel}","templated":true}]}}